{"id":21288,"date":"2020-02-01T13:36:04","date_gmt":"2020-02-01T16:36:04","guid":{"rendered":"https:\/\/www.portalalerta.com.br\/?p=21288"},"modified":"2020-02-01T13:36:04","modified_gmt":"2020-02-01T16:36:04","slug":"contra-corona-virus-governo-brasileiro-vai-instalar-mil-leitos-de-uti","status":"publish","type":"post","link":"https:\/\/www.portalalerta.com.br\/index.php\/2020\/02\/01\/contra-corona-virus-governo-brasileiro-vai-instalar-mil-leitos-de-uti\/","title":{"rendered":"Contra Corona V\u00edrus, Governo Brasileiro vai instalar Mil Leitos de UTI"},"content":{"rendered":"<p style=\"text-align: justify;\">O Minist\u00e9rio da Sa\u00fade abrir\u00e1 licita\u00e7\u00e3o para instalar mil leitos de Unidade de Terapia Intensiva (UTI) em todo pa\u00eds. A inten\u00e7\u00e3o \u00e9 ampliar a assist\u00eancia m\u00e9dica para poss\u00edveis pacientes infectados por coronav\u00edrus. At\u00e9 o momento, n\u00e3o h\u00e1 nenhum caso confirmado no pa\u00eds.<!--more--><\/p>\n<p style=\"text-align: justify;\"><img fetchpriority=\"high\" decoding=\"async\" class=\"alignleft wp-image-20957 size-full\" src=\"https:\/\/www.portalalerta.com.br\/wp-content\/uploads\/2020\/01\/Real-Volta-as-aulas-2020.jpeg\" alt=\"\" width=\"333\" height=\"400\" \/>\u201c\u00c9 bem prov\u00e1vel que vamos precisar de um acr\u00e9scimo em UTI. Abriremos licita\u00e7\u00e3o para mil leitos, e se for necess\u00e1rio, vamos ampliar esse quantitativo e colocar em funcionamento em no m\u00e1ximo 30 dias\u201d, afirmou o secret\u00e1rio-executivo da pasta, Jo\u00e3o Gabbardo.<\/p>\n<p style=\"text-align: justify;\">O governo federal custear\u00e1 a instala\u00e7\u00e3o, assist\u00eancia t\u00e9cnica e manuten\u00e7\u00e3o dos leitos. Segundo o secret\u00e1rio, uma unidade de UTI custa de R$ 15 a R$ 20 mil por m\u00eas. N\u00e3o h\u00e1, no entanto, um valor exato de quanto a medida vai custar aos cofres p\u00fablicos.<\/p>\n<p style=\"text-align: justify;\">As instala\u00e7\u00f5es ser\u00e3o feitas em hospitais de refer\u00eancias para tratamento da nova doen\u00e7a. A distribui\u00e7\u00e3o dos leitos ser\u00e1 definida em reuni\u00e3o com secret\u00e1rios de sa\u00fade estaduais na pr\u00f3xima semana.<\/p>\n<p style=\"text-align: justify;\">O secret\u00e1rio de Vigil\u00e2ncia em Sa\u00fade do Minist\u00e9rio da Sa\u00fade, Wanderson Oliveira, afirmou o governo tamb\u00e9m deve fazer novos investimentos na rede nacional de alerta e resposta \u00e0s emerg\u00eancias neste ano. Segundo ele, foram repassados R$ 21 milh\u00f5es em 2019.<\/p>\n<p style=\"text-align: justify;\"><strong>Importa\u00e7\u00f5es da China<\/strong><\/p>\n<p style=\"text-align: justify;\">O secret\u00e1rio-executivo do Minist\u00e9rio da Sa\u00fade, Jo\u00e3o Gabbardo, afirmou que n\u00e3o h\u00e1 motivos ou decis\u00e3o sobre poss\u00edveis bloqueios a chineses ou produtos importados do pa\u00eds. Segundo ele, um poss\u00edvel bloqueio seria discutido com Minist\u00e9rio da Justi\u00e7a e Itamaraty.<\/p>\n<p style=\"text-align: justify;\">\u201cN\u00e3o temos nenhum motivo e nenhuma decis\u00e3o para fazer bloqueio. Isso pode mudar, mas essa decis\u00e3o n\u00e3o vai ser tomada exclusivamente pelo Minist\u00e9rio da Sa\u00fade. Vai ser interministerial, pois envolve outros aspectos al\u00e9m de sa\u00fade\u201d, afirmou.<\/p>\n<p style=\"text-align: justify;\">De acordo com diretor do Departamento de Imuniza\u00e7\u00e3o e Doen\u00e7as Transmiss\u00edveis do Minist\u00e9rio da Sa\u00fade, J\u00falio Croda, os relatos \u00e9 de que o v\u00edrus apresenta risco de contamina\u00e7\u00e3o por 24 horas, o que dificulta a chegada no Brasil.<\/p>\n<p style=\"text-align: justify;\">\u201cA maioria dos produtos da China s\u00e3o transportados via mar\u00edtima, ou seja, supera esse tempo. N\u00e3o existe nenhum risco de contamina\u00e7\u00e3o de produtos vindos do pa\u00eds\u201d, disse.<\/p>\n<p style=\"text-align: justify;\">A China \u00e9 o epicentro do novo v\u00edrus. De acordo com o balan\u00e7o do Minist\u00e9rio da Sa\u00fade, j\u00e1 foram confirmados 7.736 casos da doen\u00e7a no pa\u00eds e 170 mortes foram registradas. H\u00e1 ainda suspeitas em rela\u00e7\u00e3o a 12.167 pacientes.<\/p>\n<p style=\"text-align: justify;\"><em>Fonte: Canabrava FM<\/em><\/p>\n<p style=\"text-align: justify;\"><em>Com informa\u00e7\u00f5es: Agencia Brasil<\/em><\/p>\n","protected":false},"excerpt":{"rendered":"<p>O Minist\u00e9rio da Sa\u00fade abrir\u00e1 licita\u00e7\u00e3o para instalar mil leitos de Unidade de Terapia Intensiva (UTI) em todo pa\u00eds. A inten\u00e7\u00e3o \u00e9 ampliar a assist\u00eancia m\u00e9dica para poss\u00edveis pacientes infectados por coronav\u00edrus. At\u00e9 o momento, n\u00e3o h\u00e1 nenhum caso confirmado no pa\u00eds.<\/p>\n","protected":false},"author":2,"featured_media":21047,"comment_status":"open","ping_status":"open","sticky":false,"template":"","format":"standard","meta":{"om_disable_all_campaigns":false,"_monsterinsights_skip_tracking":false,"_monsterinsights_sitenote_active":false,"_monsterinsights_sitenote_note":"","_monsterinsights_sitenote_category":0,"footnotes":""},"categories":[34,70,69,21,19],"tags":[93,3344,249,635,61,153],"class_list":["post-21288","post","type-post","status-publish","format-standard","has-post-thumbnail","hentry","category-brasil","category-destaques","category-noticias2","category-politica","category-saude","tag-brasil","tag-corona-virus","tag-governo-federal","tag-ministerio-da-saude","tag-saude","tag-uti"],"aioseo_notices":[],"_links":{"self":[{"href":"https:\/\/www.portalalerta.com.br\/index.php\/wp-json\/wp\/v2\/posts\/21288","targetHints":{"allow":["GET"]}}],"collection":[{"href":"https:\/\/www.portalalerta.com.br\/index.php\/wp-json\/wp\/v2\/posts"}],"about":[{"href":"https:\/\/www.portalalerta.com.br\/index.php\/wp-json\/wp\/v2\/types\/post"}],"author":[{"embeddable":true,"href":"https:\/\/www.portalalerta.com.br\/index.php\/wp-json\/wp\/v2\/users\/2"}],"replies":[{"embeddable":true,"href":"https:\/\/www.portalalerta.com.br\/index.php\/wp-json\/wp\/v2\/comments?post=21288"}],"version-history":[{"count":2,"href":"https:\/\/www.portalalerta.com.br\/index.php\/wp-json\/wp\/v2\/posts\/21288\/revisions"}],"predecessor-version":[{"id":21302,"href":"https:\/\/www.portalalerta.com.br\/index.php\/wp-json\/wp\/v2\/posts\/21288\/revisions\/21302"}],"wp:featuredmedia":[{"embeddable":true,"href":"https:\/\/www.portalalerta.com.br\/index.php\/wp-json\/wp\/v2\/media\/21047"}],"wp:attachment":[{"href":"https:\/\/www.portalalerta.com.br\/index.php\/wp-json\/wp\/v2\/media?parent=21288"}],"wp:term":[{"taxonomy":"category","embeddable":true,"href":"https:\/\/www.portalalerta.com.br\/index.php\/wp-json\/wp\/v2\/categories?post=21288"},{"taxonomy":"post_tag","embeddable":true,"href":"https:\/\/www.portalalerta.com.br\/index.php\/wp-json\/wp\/v2\/tags?post=21288"}],"curies":[{"name":"wp","href":"https:\/\/api.w.org\/{rel}","templated":true}]}}