{"id":21290,"date":"2020-02-01T13:45:07","date_gmt":"2020-02-01T16:45:07","guid":{"rendered":"https:\/\/www.portalalerta.com.br\/?p=21290"},"modified":"2020-02-01T13:45:07","modified_gmt":"2020-02-01T16:45:07","slug":"prefeitura-de-fatima-ba-desmente-atraso-dos-salarios-dos-servidores","status":"publish","type":"post","link":"https:\/\/www.portalalerta.com.br\/index.php\/2020\/02\/01\/prefeitura-de-fatima-ba-desmente-atraso-dos-salarios-dos-servidores\/","title":{"rendered":"Prefeitura de F\u00e1tima-BA desmente atraso dos sal\u00e1rios dos servidores"},"content":{"rendered":"<p style=\"text-align: justify;\">Na manh\u00e3 de quarta-feira (29\/01) o SINDFA organizou uma mobiliza\u00e7\u00e3o com uma expectativa da presen\u00e7a de 400 profissionais da \u00e1rea de educa\u00e7\u00e3o, por\u00e9m n\u00e3o ocorreu como planejado, comparecendo pouco mais que 40 pessoas, nos quais reivindicaram com faixa o pagamento integral dos seus sal\u00e1rios. Foi um\u00a0retumbante fracasso. <a href=\"https:\/\/www.portalalerta.com.br\/index.php\/2020\/01\/30\/servidores-publicos-municipais-da-educacao-de-fatima-ba-fazem-manifestacao-contra-salarios-atrasados\/\"><strong>Relembre<\/strong><\/a><!--more--><\/p>\n<p style=\"text-align: justify;\"><strong><img fetchpriority=\"high\" decoding=\"async\" class=\"size-full wp-image-2902 alignleft\" src=\"https:\/\/www.portalalerta.com.br\/wp-content\/uploads\/2017\/11\/elab-2.jpg\" alt=\"\" width=\"310\" height=\"200\" srcset=\"https:\/\/www.portalalerta.com.br\/wp-content\/uploads\/2017\/11\/elab-2.jpg 310w, https:\/\/www.portalalerta.com.br\/wp-content\/uploads\/2017\/11\/elab-2-226x146.jpg 226w, https:\/\/www.portalalerta.com.br\/wp-content\/uploads\/2017\/11\/elab-2-50x32.jpg 50w, https:\/\/www.portalalerta.com.br\/wp-content\/uploads\/2017\/11\/elab-2-116x75.jpg 116w\" sizes=\"(max-width: 310px) 100vw, 310px\" \/>Entenda o caso:\u00a0<\/strong>A Desembargadora Maria de F\u00e1tima Silva Carvalho bem como a procuradora de justi\u00e7a Lucy Mary Thomas, no uso de suas atribui\u00e7\u00f5es, (<strong>31\/10\/2019<\/strong>)\u00a0concederam um parecer favor\u00e1vel a Prefeitura Municipal de F\u00e1tima, onde destacou que os repasses realizados pela Uni\u00e3o Federal a titulo do\u00a0<strong>FUNDEB<\/strong>\u00a0s\u00e3o feitos com base no n\u00famero de alunos da rede municipal de ensino, e que no seu caso, houve uma n\u00edtida redu\u00e7\u00e3o dos valores repassados, o que impede o adimplemento das obriga\u00e7\u00f5es contra\u00eddas pelo poder publico, perante os servidores p\u00fablicos do munic\u00edpio.<\/p>\n<p style=\"text-align: justify;\">Diante disso o Poder P\u00fablico, que \u00e9 a Prefeitura,\u00a0 vem fazendo o pagamento proporcional \u00e0 medida do ingresso dos recursos.\u00a0<strong>N\u00c3O EXISTE ATRASO DE 2 OU 3 MESES<\/strong>\u00a0veiculados por pessoas irrespons\u00e1veis ou sem escr\u00fapulos, que usam as redes sociais para propagar inverdades, afim de atingir a administra\u00e7\u00e3o e sim um fracionamento do sal\u00e1rio dentro do pr\u00f3prio mesmo corrente, que \u00e9 depositado 50% at\u00e9 o dia 20 e mais 50% at\u00e9 o dia 30 de cada m\u00eas.<\/p>\n<p style=\"text-align: justify;\"><em>Fonte: Joilson Costa <\/em><\/p>\n<p style=\"text-align: justify;\"><em>Com informa\u00e7\u00f5es: Portal Conex\u00e3o Verdade<\/em><\/p>\n","protected":false},"excerpt":{"rendered":"<p>Na manh\u00e3 de quarta-feira (29\/01) o SINDFA organizou uma mobiliza\u00e7\u00e3o com uma expectativa da presen\u00e7a de 400 profissionais da \u00e1rea de educa\u00e7\u00e3o, por\u00e9m n\u00e3o ocorreu como planejado, comparecendo pouco mais que 40 pessoas, nos quais reivindicaram com faixa o pagamento integral dos seus sal\u00e1rios. Foi um\u00a0retumbante fracasso. Relembre<\/p>\n","protected":false},"author":2,"featured_media":21201,"comment_status":"open","ping_status":"open","sticky":false,"template":"","format":"standard","meta":{"om_disable_all_campaigns":false,"_monsterinsights_skip_tracking":false,"_monsterinsights_sitenote_active":false,"_monsterinsights_sitenote_note":"","_monsterinsights_sitenote_category":0,"footnotes":""},"categories":[70,20,10,69,21,32],"tags":[140,107,145,366,3317],"class_list":["post-21290","post","type-post","status-publish","format-standard","has-post-thumbnail","hentry","category-destaques","category-educacao","category-fatima","category-noticias2","category-politica","category-regiao","tag-educacao","tag-fatima","tag-prefeitura","tag-salarios-atrasados","tag-servidores-municipais"],"aioseo_notices":[],"_links":{"self":[{"href":"https:\/\/www.portalalerta.com.br\/index.php\/wp-json\/wp\/v2\/posts\/21290","targetHints":{"allow":["GET"]}}],"collection":[{"href":"https:\/\/www.portalalerta.com.br\/index.php\/wp-json\/wp\/v2\/posts"}],"about":[{"href":"https:\/\/www.portalalerta.com.br\/index.php\/wp-json\/wp\/v2\/types\/post"}],"author":[{"embeddable":true,"href":"https:\/\/www.portalalerta.com.br\/index.php\/wp-json\/wp\/v2\/users\/2"}],"replies":[{"embeddable":true,"href":"https:\/\/www.portalalerta.com.br\/index.php\/wp-json\/wp\/v2\/comments?post=21290"}],"version-history":[{"count":2,"href":"https:\/\/www.portalalerta.com.br\/index.php\/wp-json\/wp\/v2\/posts\/21290\/revisions"}],"predecessor-version":[{"id":21303,"href":"https:\/\/www.portalalerta.com.br\/index.php\/wp-json\/wp\/v2\/posts\/21290\/revisions\/21303"}],"wp:featuredmedia":[{"embeddable":true,"href":"https:\/\/www.portalalerta.com.br\/index.php\/wp-json\/wp\/v2\/media\/21201"}],"wp:attachment":[{"href":"https:\/\/www.portalalerta.com.br\/index.php\/wp-json\/wp\/v2\/media?parent=21290"}],"wp:term":[{"taxonomy":"category","embeddable":true,"href":"https:\/\/www.portalalerta.com.br\/index.php\/wp-json\/wp\/v2\/categories?post=21290"},{"taxonomy":"post_tag","embeddable":true,"href":"https:\/\/www.portalalerta.com.br\/index.php\/wp-json\/wp\/v2\/tags?post=21290"}],"curies":[{"name":"wp","href":"https:\/\/api.w.org\/{rel}","templated":true}]}}