{"id":21495,"date":"2020-02-09T20:43:48","date_gmt":"2020-02-09T23:43:48","guid":{"rendered":"https:\/\/www.portalalerta.com.br\/?p=21495"},"modified":"2020-02-09T20:43:48","modified_gmt":"2020-02-09T23:43:48","slug":"guarda-civil-municipal-participa-de-capacitacao-para-novo-transito-em-ribeira-do-pombal-ba","status":"publish","type":"post","link":"https:\/\/www.portalalerta.com.br\/index.php\/2020\/02\/09\/guarda-civil-municipal-participa-de-capacitacao-para-novo-transito-em-ribeira-do-pombal-ba\/","title":{"rendered":"Guarda Civil Municipal participa de capacita\u00e7\u00e3o para novo tr\u00e2nsito em Ribeira do Pombal-BA"},"content":{"rendered":"<p style=\"text-align: justify;\">A Prefeitura de Ribeira do Pombal-BA, promoveu nessa sexta-feira, 07, encontro de capacita\u00e7\u00e3o para os agentes da Guarda Civil Municipal(GCM), que foi ao mesmo tempo reuni\u00e3o e di\u00e1logo sobre diversos temas que foram abordados, como a nova lei de Abuso de Autoridade e as pr\u00f3ximas fases da implanta\u00e7\u00e3o da regulariza\u00e7\u00e3o do tr\u00e2nsito municipal.<!--more--><\/p>\n<p style=\"text-align: justify;\"><img fetchpriority=\"high\" decoding=\"async\" class=\"alignleft wp-image-21423 size-full\" src=\"https:\/\/www.portalalerta.com.br\/wp-content\/uploads\/2020\/02\/Liquida-ver\u00e3o-Real.jpeg\" alt=\"\" width=\"320\" height=\"400\" \/>Segundo o secret\u00e1rio Diego Santana, Ribeira do Pombal entra agora em nova fase com o Munic\u00edpio j\u00e1 tendo acesso ao sistema de autua\u00e7\u00f5es, al\u00e9m de novas altera\u00e7\u00f5es no centro da cidade, que est\u00e3o prontas pra serem implementadas.<\/p>\n<p style=\"text-align: justify;\">\u201cContinua o trabalho de educa\u00e7\u00e3o e conscientiza\u00e7\u00e3o no tr\u00e2nsito, mas agora o munic\u00edpio j\u00e1 poder\u00e1 proceder com a quest\u00e3o da autua\u00e7\u00e3o, multas e etc, pra avan\u00e7ar mais na melhoria de nossa cidade\u201d, disse o secret\u00e1rio.<\/p>\n<p style=\"text-align: justify;\"><em>Fonte: SECOM\/ Ribeira do Pombal<\/em><\/p>\n","protected":false},"excerpt":{"rendered":"<p>A Prefeitura de Ribeira do Pombal-BA, promoveu nessa sexta-feira, 07, encontro de capacita\u00e7\u00e3o para os agentes da Guarda Civil Municipal(GCM), que foi ao mesmo tempo reuni\u00e3o e di\u00e1logo sobre diversos temas que foram abordados, como a nova lei de Abuso de Autoridade e as pr\u00f3ximas fases da implanta\u00e7\u00e3o da regulariza\u00e7\u00e3o do tr\u00e2nsito municipal.<\/p>\n","protected":false},"author":2,"featured_media":21496,"comment_status":"open","ping_status":"open","sticky":false,"template":"","format":"standard","meta":{"om_disable_all_campaigns":false,"_monsterinsights_skip_tracking":false,"_monsterinsights_sitenote_active":false,"_monsterinsights_sitenote_note":"","_monsterinsights_sitenote_category":0,"footnotes":""},"categories":[70,69,32,3,22],"tags":[558,313,47],"class_list":["post-21495","post","type-post","status-publish","format-standard","has-post-thumbnail","hentry","category-destaques","category-noticias2","category-regiao","category-ribeira-do-pombal","category-seguranca","tag-capacitacao","tag-gcm","tag-ribeira-do-pombal"],"aioseo_notices":[],"_links":{"self":[{"href":"https:\/\/www.portalalerta.com.br\/index.php\/wp-json\/wp\/v2\/posts\/21495","targetHints":{"allow":["GET"]}}],"collection":[{"href":"https:\/\/www.portalalerta.com.br\/index.php\/wp-json\/wp\/v2\/posts"}],"about":[{"href":"https:\/\/www.portalalerta.com.br\/index.php\/wp-json\/wp\/v2\/types\/post"}],"author":[{"embeddable":true,"href":"https:\/\/www.portalalerta.com.br\/index.php\/wp-json\/wp\/v2\/users\/2"}],"replies":[{"embeddable":true,"href":"https:\/\/www.portalalerta.com.br\/index.php\/wp-json\/wp\/v2\/comments?post=21495"}],"version-history":[{"count":1,"href":"https:\/\/www.portalalerta.com.br\/index.php\/wp-json\/wp\/v2\/posts\/21495\/revisions"}],"predecessor-version":[{"id":21497,"href":"https:\/\/www.portalalerta.com.br\/index.php\/wp-json\/wp\/v2\/posts\/21495\/revisions\/21497"}],"wp:featuredmedia":[{"embeddable":true,"href":"https:\/\/www.portalalerta.com.br\/index.php\/wp-json\/wp\/v2\/media\/21496"}],"wp:attachment":[{"href":"https:\/\/www.portalalerta.com.br\/index.php\/wp-json\/wp\/v2\/media?parent=21495"}],"wp:term":[{"taxonomy":"category","embeddable":true,"href":"https:\/\/www.portalalerta.com.br\/index.php\/wp-json\/wp\/v2\/categories?post=21495"},{"taxonomy":"post_tag","embeddable":true,"href":"https:\/\/www.portalalerta.com.br\/index.php\/wp-json\/wp\/v2\/tags?post=21495"}],"curies":[{"name":"wp","href":"https:\/\/api.w.org\/{rel}","templated":true}]}}