{"id":21498,"date":"2020-02-09T20:51:15","date_gmt":"2020-02-09T23:51:15","guid":{"rendered":"https:\/\/www.portalalerta.com.br\/?p=21498"},"modified":"2020-02-09T20:51:15","modified_gmt":"2020-02-09T23:51:15","slug":"avioes-com-grupo-de-brasileiros-trazidos-da-china-pousam-em-goias","status":"publish","type":"post","link":"https:\/\/www.portalalerta.com.br\/index.php\/2020\/02\/09\/avioes-com-grupo-de-brasileiros-trazidos-da-china-pousam-em-goias\/","title":{"rendered":"Avi\u00f5es com grupo de brasileiros trazidos da China pousam em Goi\u00e1s"},"content":{"rendered":"<p style=\"text-align: justify;\">O grupo de brasileiros que estava na China, epicentro do coronav\u00edrus, desembarcou no in\u00edcio da manh\u00e3 deste domingo (9) na Base A\u00e9rea de An\u00e1polis, em Goi\u00e1s. Dois avi\u00f5es da For\u00e7a A\u00e9rea Brasileira (FAB) trouxe 34 repatriados, entre brasileiros e c\u00f4njuges chineses, que estava em Wuan, cidade mais atingida pela enfermidade. Segundo o G1, a partir de agora, o grupo vai ficar em quarentena no local por 18 dias.<!--more--><\/p>\n<p style=\"text-align: justify;\"><img fetchpriority=\"high\" decoding=\"async\" class=\"size-full wp-image-2902 alignleft\" src=\"https:\/\/www.portalalerta.com.br\/wp-content\/uploads\/2017\/11\/elab-2.jpg\" alt=\"\" width=\"310\" height=\"200\" srcset=\"https:\/\/www.portalalerta.com.br\/wp-content\/uploads\/2017\/11\/elab-2.jpg 310w, https:\/\/www.portalalerta.com.br\/wp-content\/uploads\/2017\/11\/elab-2-226x146.jpg 226w, https:\/\/www.portalalerta.com.br\/wp-content\/uploads\/2017\/11\/elab-2-50x32.jpg 50w, https:\/\/www.portalalerta.com.br\/wp-content\/uploads\/2017\/11\/elab-2-116x75.jpg 116w\" sizes=\"(max-width: 310px) 100vw, 310px\" \/>Conforme informou o ministro da Defesa, Fernando Azevedo e Silva, todos os passageiros est\u00e3o bem de sa\u00fade e assintom\u00e1ticos. Al\u00e9m dos passageiros, o avi\u00e3o abrigou uma equipe de apoio com 24 membros. O Minist\u00e9rio da Sa\u00fade ainda vai avaliar o quadro de cada um para saber se o grupo de suporte vai precisar ficar isolado. No desembarque, os passageiros usavam m\u00e1scaras cir\u00fargicas. Ap\u00f3s descer das aeronaves, os passageiros foram direto para um \u00f4nibus.<\/p>\n<p style=\"text-align: justify;\">Um grupo com 50 militares faz a desinfec\u00e7\u00e3o dos equipamentos e ve\u00edculos usados no transporte dos passageiros ap\u00f3s o pouso. Ainda segundo informa\u00e7\u00f5es, desde o in\u00edcio do surto, no in\u00edcio do ano, a China j\u00e1 registrou 812 mortes por coronav\u00edrus e 37.251 casos confirmados. No Brasil, o Minist\u00e9rio da Sa\u00fade informou neste s\u00e1bado (8) que o pa\u00eds registra oito casos suspeitos e nenhuma confirma\u00e7\u00e3o.<\/p>\n<p style=\"text-align: justify;\"><em>Fonte: A Voz do Campo<\/em><\/p>\n","protected":false},"excerpt":{"rendered":"<p>O grupo de brasileiros que estava na China, epicentro do coronav\u00edrus, desembarcou no in\u00edcio da manh\u00e3 deste domingo (9) na Base A\u00e9rea de An\u00e1polis, em Goi\u00e1s. Dois avi\u00f5es da For\u00e7a A\u00e9rea Brasileira (FAB) trouxe 34 repatriados, entre brasileiros e c\u00f4njuges chineses, que estava em Wuan, cidade mais atingida pela enfermidade. Segundo o G1, a partir &hellip;<\/p>\n","protected":false},"author":2,"featured_media":21499,"comment_status":"open","ping_status":"open","sticky":false,"template":"","format":"standard","meta":{"om_disable_all_campaigns":false,"_monsterinsights_skip_tracking":false,"_monsterinsights_sitenote_active":false,"_monsterinsights_sitenote_note":"","_monsterinsights_sitenote_category":0,"footnotes":""},"categories":[34,70,35,69,19,22],"tags":[93,2189,840,3344,267],"class_list":["post-21498","post","type-post","status-publish","format-standard","has-post-thumbnail","hentry","category-brasil","category-destaques","category-mundo","category-noticias2","category-saude","category-seguranca","tag-brasil","tag-brasileiros","tag-china","tag-corona-virus","tag-goias"],"aioseo_notices":[],"_links":{"self":[{"href":"https:\/\/www.portalalerta.com.br\/index.php\/wp-json\/wp\/v2\/posts\/21498","targetHints":{"allow":["GET"]}}],"collection":[{"href":"https:\/\/www.portalalerta.com.br\/index.php\/wp-json\/wp\/v2\/posts"}],"about":[{"href":"https:\/\/www.portalalerta.com.br\/index.php\/wp-json\/wp\/v2\/types\/post"}],"author":[{"embeddable":true,"href":"https:\/\/www.portalalerta.com.br\/index.php\/wp-json\/wp\/v2\/users\/2"}],"replies":[{"embeddable":true,"href":"https:\/\/www.portalalerta.com.br\/index.php\/wp-json\/wp\/v2\/comments?post=21498"}],"version-history":[{"count":1,"href":"https:\/\/www.portalalerta.com.br\/index.php\/wp-json\/wp\/v2\/posts\/21498\/revisions"}],"predecessor-version":[{"id":21500,"href":"https:\/\/www.portalalerta.com.br\/index.php\/wp-json\/wp\/v2\/posts\/21498\/revisions\/21500"}],"wp:featuredmedia":[{"embeddable":true,"href":"https:\/\/www.portalalerta.com.br\/index.php\/wp-json\/wp\/v2\/media\/21499"}],"wp:attachment":[{"href":"https:\/\/www.portalalerta.com.br\/index.php\/wp-json\/wp\/v2\/media?parent=21498"}],"wp:term":[{"taxonomy":"category","embeddable":true,"href":"https:\/\/www.portalalerta.com.br\/index.php\/wp-json\/wp\/v2\/categories?post=21498"},{"taxonomy":"post_tag","embeddable":true,"href":"https:\/\/www.portalalerta.com.br\/index.php\/wp-json\/wp\/v2\/tags?post=21498"}],"curies":[{"name":"wp","href":"https:\/\/api.w.org\/{rel}","templated":true}]}}