{"id":21501,"date":"2020-02-09T21:08:21","date_gmt":"2020-02-10T00:08:21","guid":{"rendered":"https:\/\/www.portalalerta.com.br\/?p=21501"},"modified":"2020-02-09T21:51:37","modified_gmt":"2020-02-10T00:51:37","slug":"ex-capitao-do-bope-adriano-e-morto-em-troca-de-tiros-com-a-policia-na-bahia","status":"publish","type":"post","link":"https:\/\/www.portalalerta.com.br\/index.php\/2020\/02\/09\/ex-capitao-do-bope-adriano-e-morto-em-troca-de-tiros-com-a-policia-na-bahia\/","title":{"rendered":"Ex-capit\u00e3o do Bope Adriano \u00e9 morto em troca de tiros com a Pol\u00edcia na Bahia"},"content":{"rendered":"<p style=\"text-align: justify;\">Foi morto pela Pol\u00edcia Civil, em uma a\u00e7\u00e3o conjunta com a Secretaria de Estado de Seguran\u00e7a da Bahia, o ex-capit\u00e3o do Bope Adriano Magalh\u00e3es da N\u00f3brega, na manh\u00e3 deste domingo (9).<!--more--><\/p>\n<p style=\"text-align: justify;\">Apontado como autor de diversos homic\u00eddios, o ex-militar \u00e9 um dos criminosos mais procurados do Rio de Janeiro, inclusive com alerta vermelho da Interpol. O ex-policial militar foi localizado numa \u00e1rea rural do estado da Bahia, no munic\u00edpio de Esplanada.<\/p>\n<p style=\"text-align: justify;\">Foragido h\u00e1 mais de um ano, o ex-PM \u00e9 um dos citados na investiga\u00e7\u00e3o que apura a pratica de \u2018rachadinha\u2019 no antigo gabinete do senador Flavio Bolsonaro (sem partido-RJ) na Alerj (Assembleia Legislativa do Rio de Janeiro). Enquanto estava preso preventivamente pelo crime,\u00a0foi condecorado por Fl\u00e1vio\u00a0com a Medalha Tiradentes<\/p>\n<p style=\"text-align: justify;\"><img fetchpriority=\"high\" decoding=\"async\" class=\"size-thumbnail wp-image-4869 aligncenter\" src=\"https:\/\/www.portalalerta.com.br\/wp-content\/uploads\/2018\/02\/Auto-Escola-Nobre-720x181.jpg\" alt=\"\" width=\"720\" height=\"181\" srcset=\"https:\/\/www.portalalerta.com.br\/wp-content\/uploads\/2018\/02\/Auto-Escola-Nobre.jpg 720w, https:\/\/www.portalalerta.com.br\/wp-content\/uploads\/2018\/02\/Auto-Escola-Nobre-260x65.jpg 260w, https:\/\/www.portalalerta.com.br\/wp-content\/uploads\/2018\/02\/Auto-Escola-Nobre-50x13.jpg 50w, https:\/\/www.portalalerta.com.br\/wp-content\/uploads\/2018\/02\/Auto-Escola-Nobre-150x38.jpg 150w\" sizes=\"(max-width: 720px) 100vw, 720px\" \/>Com apoio operacional do Batalh\u00e3o de Opera\u00e7\u00f5es Especiais da Pol\u00edcia Militar da Bahia, foi realizada uma a\u00e7\u00e3o com o uso de helic\u00f3ptero. Adriano reagiu e efetuou v\u00e1rios disparos contra os agentes. Ele foi ferido e levado a um hospital, mas n\u00e3o resistiu.<\/p>\n<p style=\"text-align: justify;\">A a\u00e7\u00e3o teve apoio da Secretaria de Estado de Seguran\u00e7a da Bahia. <a href=\"https:\/\/www.portalalerta.com.br\/index.php\/2020\/02\/03\/miliciano-do-rio-de-janeiro-e-alvo-de-operacao-no-litoral-norte-baiano\/\"><strong>No in\u00edcio deste m\u00eas, a\u00a0Policia Civil fez uma opera\u00e7\u00e3o na Costa do Sau\u00edpe para prend\u00ea-lo, mas n\u00e3o o encontrou<\/strong><\/a>. Na ocasi\u00e3o, Adriano\u00a0deixou para tr\u00e1s uma identidade falsa.<\/p>\n<p style=\"text-align: justify;\">\u201cProcuramos sempre apoiar as pol\u00edcias dos outros estados e, desta vez, priorizamos o caso por ser de relev\u00e2ncia nacional. Buscamos efetuar a pris\u00e3o, mas o procurado preferiu reagir atirando\u201d, disse\u00a0o secret\u00e1rio da Seguran\u00e7a P\u00fablica da Bahia, Maur\u00edcio Teles Barbosa, por meio de uma nota.<\/p>\n<p style=\"text-align: justify;\">Segundo a pol\u00edcia, Adriano era acusado de ser o chefe de um grupo criminoso formado por matadores de aluguel, que ficou conhecido como\u00a0Escrit\u00f3rio do Crime\u00a0\u2014 investigado por suspeita de envolvimento nas mortes de\u00a0Marielle Franco\u00a0e\u00a0Anderson Gomes. Ele era r\u00e9u na Opera\u00e7\u00e3o Intoc\u00e1veis do Minist\u00e9rio P\u00fablico do Rio (MP-RJ), que apura a mil\u00edcia de Rio das Pedras.<\/p>\n<p style=\"text-align: justify;\">Deflagrada em 22 de janeiro do ano passado, com base em investiga\u00e7\u00f5es do Grupo de Atua\u00e7\u00e3o Especial no Combate ao Crime Organizado (Gaeco) do MP-RJ, a \u201cIntoc\u00e1veis\u201d revelou que o ex-capit\u00e3o comandava um esquema de agiotagem, grilagem de terras e constru\u00e7\u00f5es ilegais, com o pagamento de propina a agentes p\u00fablicos, a fim de manter seus neg\u00f3cios il\u00edcitos, \u201csempre de forma violenta e por meio de amea\u00e7as\u201d. Adriano era o \u00fanico foragido da &#8220;Intocaveis&#8221;. Os outros 12 integrantes da mil\u00edcia de Rio das Pedras est\u00e3o presos.<\/p>\n<figure id=\"attachment_21503\" aria-describedby=\"caption-attachment-21503\" style=\"width: 500px\" class=\"wp-caption aligncenter\"><img decoding=\"async\" class=\"wp-image-21503 size-full\" src=\"https:\/\/www.portalalerta.com.br\/wp-content\/uploads\/2020\/02\/Adriano-Magalh\u00e3es-da-N\u00f3brega.1.jpg\" alt=\"\" width=\"500\" height=\"350\" srcset=\"https:\/\/www.portalalerta.com.br\/wp-content\/uploads\/2020\/02\/Adriano-Magalh\u00e3es-da-N\u00f3brega.1.jpg 500w, https:\/\/www.portalalerta.com.br\/wp-content\/uploads\/2020\/02\/Adriano-Magalh\u00e3es-da-N\u00f3brega.1-343x240.jpg 343w, https:\/\/www.portalalerta.com.br\/wp-content\/uploads\/2020\/02\/Adriano-Magalh\u00e3es-da-N\u00f3brega.1-209x146.jpg 209w, https:\/\/www.portalalerta.com.br\/wp-content\/uploads\/2020\/02\/Adriano-Magalh\u00e3es-da-N\u00f3brega.1-50x35.jpg 50w, https:\/\/www.portalalerta.com.br\/wp-content\/uploads\/2020\/02\/Adriano-Magalh\u00e3es-da-N\u00f3brega.1-107x75.jpg 107w\" sizes=\"(max-width: 500px) 100vw, 500px\" \/><figcaption id=\"caption-attachment-21503\" class=\"wp-caption-text\">Armas de fogo foram encontradas no s\u00edtio<\/figcaption><\/figure>\n<p style=\"text-align: justify;\"><em>Fonte: Yahoo Not\u00edcias<\/em><\/p>\n","protected":false},"excerpt":{"rendered":"<p>Foi morto pela Pol\u00edcia Civil, em uma a\u00e7\u00e3o conjunta com a Secretaria de Estado de Seguran\u00e7a da Bahia, o ex-capit\u00e3o do Bope Adriano Magalh\u00e3es da N\u00f3brega, na manh\u00e3 deste domingo (9).<\/p>\n","protected":false},"author":2,"featured_media":21335,"comment_status":"open","ping_status":"open","sticky":false,"template":"","format":"standard","meta":{"om_disable_all_campaigns":false,"_monsterinsights_skip_tracking":false,"_monsterinsights_sitenote_active":false,"_monsterinsights_sitenote_note":"","_monsterinsights_sitenote_category":0,"footnotes":""},"categories":[33,34,70,69,22],"tags":[758,93,178,375,934,836,3388,169,300],"class_list":["post-21501","post","type-post","status-publish","format-standard","has-post-thumbnail","hentry","category-bahia","category-brasil","category-destaques","category-noticias2","category-seguranca","tag-bope","tag-brasil","tag-confronto","tag-disparos-de-arma-de-fogo","tag-esplanada","tag-milicia","tag-miliciano","tag-morte","tag-rio-de-janeiro"],"aioseo_notices":[],"_links":{"self":[{"href":"https:\/\/www.portalalerta.com.br\/index.php\/wp-json\/wp\/v2\/posts\/21501","targetHints":{"allow":["GET"]}}],"collection":[{"href":"https:\/\/www.portalalerta.com.br\/index.php\/wp-json\/wp\/v2\/posts"}],"about":[{"href":"https:\/\/www.portalalerta.com.br\/index.php\/wp-json\/wp\/v2\/types\/post"}],"author":[{"embeddable":true,"href":"https:\/\/www.portalalerta.com.br\/index.php\/wp-json\/wp\/v2\/users\/2"}],"replies":[{"embeddable":true,"href":"https:\/\/www.portalalerta.com.br\/index.php\/wp-json\/wp\/v2\/comments?post=21501"}],"version-history":[{"count":2,"href":"https:\/\/www.portalalerta.com.br\/index.php\/wp-json\/wp\/v2\/posts\/21501\/revisions"}],"predecessor-version":[{"id":21505,"href":"https:\/\/www.portalalerta.com.br\/index.php\/wp-json\/wp\/v2\/posts\/21501\/revisions\/21505"}],"wp:featuredmedia":[{"embeddable":true,"href":"https:\/\/www.portalalerta.com.br\/index.php\/wp-json\/wp\/v2\/media\/21335"}],"wp:attachment":[{"href":"https:\/\/www.portalalerta.com.br\/index.php\/wp-json\/wp\/v2\/media?parent=21501"}],"wp:term":[{"taxonomy":"category","embeddable":true,"href":"https:\/\/www.portalalerta.com.br\/index.php\/wp-json\/wp\/v2\/categories?post=21501"},{"taxonomy":"post_tag","embeddable":true,"href":"https:\/\/www.portalalerta.com.br\/index.php\/wp-json\/wp\/v2\/tags?post=21501"}],"curies":[{"name":"wp","href":"https:\/\/api.w.org\/{rel}","templated":true}]}}