{"id":21513,"date":"2020-02-10T20:38:50","date_gmt":"2020-02-10T23:38:50","guid":{"rendered":"https:\/\/www.portalalerta.com.br\/?p=21513"},"modified":"2020-02-10T20:38:50","modified_gmt":"2020-02-10T23:38:50","slug":"homem-e-preso-em-cicero-dantas-ba-em-cumprimento-a-mandado-de-prisao-lavrado-pela-comarca-de-tucano-ba","status":"publish","type":"post","link":"https:\/\/www.portalalerta.com.br\/index.php\/2020\/02\/10\/homem-e-preso-em-cicero-dantas-ba-em-cumprimento-a-mandado-de-prisao-lavrado-pela-comarca-de-tucano-ba\/","title":{"rendered":"Homem \u00e9 preso em C\u00edcero Dantas-BA, em cumprimento a mandado de pris\u00e3o lavrado pela comarca de Tucano-BA"},"content":{"rendered":"<p style=\"text-align: justify;\">Um homem foi preso em C\u00edcero Dantas-BA, em cumprimento a um mandado de pris\u00e3o lavrado pela Vara Crime da Comarca de Tucano-BA.<!--more--><\/p>\n<p style=\"text-align: justify;\"><img fetchpriority=\"high\" decoding=\"async\" class=\"alignleft wp-image-21423 size-full\" src=\"https:\/\/www.portalalerta.com.br\/wp-content\/uploads\/2020\/02\/Liquida-ver\u00e3o-Real.jpeg\" alt=\"\" width=\"320\" height=\"400\" \/>A pris\u00e3o ocorreu por volta das 17:00hs da \u00faltima sexta-feira, 07, quando policiais militares da CIPE Nordeste desconfiaram da atitude suspeita de Willian Jesus dos Santos. Willian foi submetido a uma abordagem, e no momento que teve os seus dados consultados junto ao Sistema de Seguran\u00e7a P\u00fablica, foi constatado o referido Mandado de Pris\u00e3o Preventiva, em aberto.<\/p>\n<p style=\"text-align: justify;\">Na sequ\u00eancia, o rapaz que \u00e9 acusado de viol\u00eancia contra a mulher, foi conduzido para o Complexo Policial de Euclides da Cunha-BA, onde foi apresentado para a ado\u00e7\u00e3o das medidas cab\u00edveis.<\/p>\n<p style=\"text-align: justify;\"><em>Reda\u00e7\u00e3o: Portal Alerta<\/em><\/p>\n","protected":false},"excerpt":{"rendered":"<p>Um homem foi preso em C\u00edcero Dantas-BA, em cumprimento a um mandado de pris\u00e3o lavrado pela Vara Crime da Comarca de Tucano-BA.<\/p>\n","protected":false},"author":2,"featured_media":20567,"comment_status":"open","ping_status":"open","sticky":false,"template":"","format":"standard","meta":{"om_disable_all_campaigns":false,"_monsterinsights_skip_tracking":false,"_monsterinsights_sitenote_active":false,"_monsterinsights_sitenote_note":"","_monsterinsights_sitenote_category":0,"footnotes":""},"categories":[4,70,69,32,22,12],"tags":[75,167,488,79,77,768,190],"class_list":["post-21513","post","type-post","status-publish","format-standard","has-post-thumbnail","hentry","category-cicero-dantas","category-destaques","category-noticias2","category-regiao","category-seguranca","category-tucano","tag-cicero-dantas","tag-cipe-nordeste","tag-mandado-de-prisao","tag-policia-militar","tag-preso","tag-prisao-preventiva","tag-tucano"],"aioseo_notices":[],"_links":{"self":[{"href":"https:\/\/www.portalalerta.com.br\/index.php\/wp-json\/wp\/v2\/posts\/21513","targetHints":{"allow":["GET"]}}],"collection":[{"href":"https:\/\/www.portalalerta.com.br\/index.php\/wp-json\/wp\/v2\/posts"}],"about":[{"href":"https:\/\/www.portalalerta.com.br\/index.php\/wp-json\/wp\/v2\/types\/post"}],"author":[{"embeddable":true,"href":"https:\/\/www.portalalerta.com.br\/index.php\/wp-json\/wp\/v2\/users\/2"}],"replies":[{"embeddable":true,"href":"https:\/\/www.portalalerta.com.br\/index.php\/wp-json\/wp\/v2\/comments?post=21513"}],"version-history":[{"count":1,"href":"https:\/\/www.portalalerta.com.br\/index.php\/wp-json\/wp\/v2\/posts\/21513\/revisions"}],"predecessor-version":[{"id":21514,"href":"https:\/\/www.portalalerta.com.br\/index.php\/wp-json\/wp\/v2\/posts\/21513\/revisions\/21514"}],"wp:featuredmedia":[{"embeddable":true,"href":"https:\/\/www.portalalerta.com.br\/index.php\/wp-json\/wp\/v2\/media\/20567"}],"wp:attachment":[{"href":"https:\/\/www.portalalerta.com.br\/index.php\/wp-json\/wp\/v2\/media?parent=21513"}],"wp:term":[{"taxonomy":"category","embeddable":true,"href":"https:\/\/www.portalalerta.com.br\/index.php\/wp-json\/wp\/v2\/categories?post=21513"},{"taxonomy":"post_tag","embeddable":true,"href":"https:\/\/www.portalalerta.com.br\/index.php\/wp-json\/wp\/v2\/tags?post=21513"}],"curies":[{"name":"wp","href":"https:\/\/api.w.org\/{rel}","templated":true}]}}