{"id":21520,"date":"2020-02-11T15:03:27","date_gmt":"2020-02-11T18:03:27","guid":{"rendered":"https:\/\/www.portalalerta.com.br\/?p=21520"},"modified":"2020-02-11T15:03:27","modified_gmt":"2020-02-11T18:03:27","slug":"homem-e-preso-com-arma-de-fogo-durante-evento-festivo-em-euclides-da-cunha-ba","status":"publish","type":"post","link":"https:\/\/www.portalalerta.com.br\/index.php\/2020\/02\/11\/homem-e-preso-com-arma-de-fogo-durante-evento-festivo-em-euclides-da-cunha-ba\/","title":{"rendered":"Homem \u00e9 preso com arma de fogo, durante evento festivo em Euclides da Cunha-BA"},"content":{"rendered":"<p style=\"text-align: justify;\">Na manh\u00e3 do \u00faltimo domingo, 09, policiais do Servi\u00e7o de Investiga\u00e7\u00e3o da Pol\u00edcia Civil de Euclides da Cunha-BA, que se encontravam em servi\u00e7o durante um evento festivo realizado no povoado Muriti, no referido munic\u00edpio, flagraram um homem portando uma arma de fogo no local reservado para os foli\u00f5es.<!--more--><\/p>\n<p style=\"text-align: justify;\"><img fetchpriority=\"high\" decoding=\"async\" class=\"size-thumbnail wp-image-4869 aligncenter\" src=\"https:\/\/www.portalalerta.com.br\/wp-content\/uploads\/2018\/02\/Auto-Escola-Nobre-720x181.jpg\" alt=\"\" width=\"720\" height=\"181\" srcset=\"https:\/\/www.portalalerta.com.br\/wp-content\/uploads\/2018\/02\/Auto-Escola-Nobre.jpg 720w, https:\/\/www.portalalerta.com.br\/wp-content\/uploads\/2018\/02\/Auto-Escola-Nobre-260x65.jpg 260w, https:\/\/www.portalalerta.com.br\/wp-content\/uploads\/2018\/02\/Auto-Escola-Nobre-50x13.jpg 50w, https:\/\/www.portalalerta.com.br\/wp-content\/uploads\/2018\/02\/Auto-Escola-Nobre-150x38.jpg 150w\" sizes=\"(max-width: 720px) 100vw, 720px\" \/>A a\u00e7\u00e3o ocorreu por volta das 06:00hs, quando os investigadores foram informados de que um homem de apar\u00eancia desconhecida pelos moradores locais, estava portando uma arma de fogo. O suspeito foi abordado, sendo encontrado sob a sua posse, um rev\u00f3lver cal. 32, contendo tr\u00eas muni\u00e7\u00f5es intactas.<\/p>\n<p style=\"text-align: justify;\">Tanto o rapaz, quanto a arma de fogo apreendida, foram conduzidos para o Complexo Policial do munic\u00edpio, onde foram apresentados em flagrante, para a ado\u00e7\u00e3o das medidas cab\u00edveis.<\/p>\n<p style=\"text-align: justify;\"><em>Reda\u00e7\u00e3o: Portal Alerta<\/em><\/p>\n","protected":false},"excerpt":{"rendered":"<p>Na manh\u00e3 do \u00faltimo domingo, 09, policiais do Servi\u00e7o de Investiga\u00e7\u00e3o da Pol\u00edcia Civil de Euclides da Cunha-BA, que se encontravam em servi\u00e7o durante um evento festivo realizado no povoado Muriti, no referido munic\u00edpio, flagraram um homem portando uma arma de fogo no local reservado para os foli\u00f5es.<\/p>\n","protected":false},"author":2,"featured_media":21521,"comment_status":"open","ping_status":"open","sticky":false,"template":"","format":"standard","meta":{"om_disable_all_campaigns":false,"_monsterinsights_skip_tracking":false,"_monsterinsights_sitenote_active":false,"_monsterinsights_sitenote_note":"","_monsterinsights_sitenote_category":0,"footnotes":""},"categories":[70,17,69,32,22],"tags":[129,344,122,83,229,77],"class_list":["post-21520","post","type-post","status-publish","format-standard","has-post-thumbnail","hentry","category-destaques","category-euclides-da-cunha","category-noticias2","category-regiao","category-seguranca","tag-euclides-da-cunha","tag-festa","tag-policia-civil","tag-porte-ilegal-de-arma-de-fogo","tag-povoado","tag-preso"],"aioseo_notices":[],"_links":{"self":[{"href":"https:\/\/www.portalalerta.com.br\/index.php\/wp-json\/wp\/v2\/posts\/21520","targetHints":{"allow":["GET"]}}],"collection":[{"href":"https:\/\/www.portalalerta.com.br\/index.php\/wp-json\/wp\/v2\/posts"}],"about":[{"href":"https:\/\/www.portalalerta.com.br\/index.php\/wp-json\/wp\/v2\/types\/post"}],"author":[{"embeddable":true,"href":"https:\/\/www.portalalerta.com.br\/index.php\/wp-json\/wp\/v2\/users\/2"}],"replies":[{"embeddable":true,"href":"https:\/\/www.portalalerta.com.br\/index.php\/wp-json\/wp\/v2\/comments?post=21520"}],"version-history":[{"count":1,"href":"https:\/\/www.portalalerta.com.br\/index.php\/wp-json\/wp\/v2\/posts\/21520\/revisions"}],"predecessor-version":[{"id":21522,"href":"https:\/\/www.portalalerta.com.br\/index.php\/wp-json\/wp\/v2\/posts\/21520\/revisions\/21522"}],"wp:featuredmedia":[{"embeddable":true,"href":"https:\/\/www.portalalerta.com.br\/index.php\/wp-json\/wp\/v2\/media\/21521"}],"wp:attachment":[{"href":"https:\/\/www.portalalerta.com.br\/index.php\/wp-json\/wp\/v2\/media?parent=21520"}],"wp:term":[{"taxonomy":"category","embeddable":true,"href":"https:\/\/www.portalalerta.com.br\/index.php\/wp-json\/wp\/v2\/categories?post=21520"},{"taxonomy":"post_tag","embeddable":true,"href":"https:\/\/www.portalalerta.com.br\/index.php\/wp-json\/wp\/v2\/tags?post=21520"}],"curies":[{"name":"wp","href":"https:\/\/api.w.org\/{rel}","templated":true}]}}