{"id":21523,"date":"2020-02-11T15:09:02","date_gmt":"2020-02-11T18:09:02","guid":{"rendered":"https:\/\/www.portalalerta.com.br\/?p=21523"},"modified":"2020-02-11T15:09:02","modified_gmt":"2020-02-11T18:09:02","slug":"pericia-revela-que-voz-que-liberou-entrada-de-elcio-de-queiroz-em-condominio-nao-e-de-porteiro-que-citou-bolsonaro","status":"publish","type":"post","link":"https:\/\/www.portalalerta.com.br\/index.php\/2020\/02\/11\/pericia-revela-que-voz-que-liberou-entrada-de-elcio-de-queiroz-em-condominio-nao-e-de-porteiro-que-citou-bolsonaro\/","title":{"rendered":"Per\u00edcia revela que voz que liberou entrada de \u00c9lcio de Queiroz em condom\u00ednio n\u00e3o \u00e9 de porteiro que citou Bolsonaro"},"content":{"rendered":"<p style=\"text-align: justify;\">Laudo da Pol\u00edcia Civil obtido pelo EXTRA concluiu que a voz do\u00a0porteiro\u00a0que efetivamente liberou a entrada do ex-PM\u00a0\u00c9lcio de Queiroz\u00a0no condom\u00ednio\u00a0Vivendas da Barra, no dia do assassinato da vereadora\u00a0Marielle Franco\u00a0(PSOL) e do motorista Anderson Gomes, n\u00e3o \u00e9 a do funcion\u00e1rio que mencionou o presidente\u00a0Jair Bolsonaro\u00a0aos investigadores da Delegacia de Homic\u00eddios (DH).<!--more--><\/p>\n<p style=\"text-align: justify;\"><img fetchpriority=\"high\" decoding=\"async\" class=\"alignleft wp-image-21423 size-full\" src=\"https:\/\/www.portalalerta.com.br\/wp-content\/uploads\/2020\/02\/Liquida-ver\u00e3o-Real.jpeg\" alt=\"\" width=\"320\" height=\"400\" \/>O documento, assinado por seis peritos, tamb\u00e9m atesta que o \u00e1udio da portaria n\u00e3o sofreu qualquer tipo de edi\u00e7\u00e3o e que a pessoa que autorizou a entrada de \u00c9lcio no condom\u00ednio foi o policial reformado\u00a0Ronnie Lessa. Tanto \u00c9lcio quanto Lessa est\u00e3o presos sob a acusa\u00e7\u00e3o de terem cometido o crime.<\/p>\n<p style=\"text-align: justify;\">Em depoimento, no ano passado, um dos porteiros disse que Bolsonaro havia liberado a entrada de \u00c9lcio no condom\u00ednio. Depois, ele voltou atr\u00e1s. Agora, a per\u00edcia no \u00e1udio da portaria, iniciada em 13 de janeiro deste ano, confirmou que foi um outro funcion\u00e1rio que interfonou para Lessa, morador do condom\u00ednio e vizinho de Bolsonaro. O crime aconteceu em 14 de mar\u00e7o de 2018, por volta das 21h15. A grava\u00e7\u00e3o foi feita no mesmo dia, \u00e0s 17h07m42s, portanto, quatro horas antes da execu\u00e7\u00e3o.<\/p>\n<p style=\"text-align: justify;\">Nos depoimentos que prestou nos dias 7 e 9 de outubro do ano passado, o porteiro piv\u00f4 do caso relatou que \u201cSeu Jair\u201d, referindo-se a Bolsonaro, havia autorizado a entrada de \u00c9lcio no dia do assassinato. Ele tamb\u00e9m contou \u00e0 pol\u00edcia que o ex-PM havia pedido para ir \u00e0\u00a0casa n\u00famero 58, onde vivia o ent\u00e3o deputado federal e atual presidente da Rep\u00fablica. Bolsonaro, no entanto, se encontrava em Bras\u00edlia no dia, como mostrou a TV Globo.<\/p>\n<p style=\"text-align: justify;\"><em>Fonte: Yahoo Not\u00edcias<\/em><\/p>\n","protected":false},"excerpt":{"rendered":"<p>Laudo da Pol\u00edcia Civil obtido pelo EXTRA concluiu que a voz do\u00a0porteiro\u00a0que efetivamente liberou a entrada do ex-PM\u00a0\u00c9lcio de Queiroz\u00a0no condom\u00ednio\u00a0Vivendas da Barra, no dia do assassinato da vereadora\u00a0Marielle Franco\u00a0(PSOL) e do motorista Anderson Gomes, n\u00e3o \u00e9 a do funcion\u00e1rio que mencionou o presidente\u00a0Jair Bolsonaro\u00a0aos investigadores da Delegacia de Homic\u00eddios (DH).<\/p>\n","protected":false},"author":2,"featured_media":20026,"comment_status":"open","ping_status":"open","sticky":false,"template":"","format":"standard","meta":{"om_disable_all_campaigns":false,"_monsterinsights_skip_tracking":false,"_monsterinsights_sitenote_active":false,"_monsterinsights_sitenote_note":"","_monsterinsights_sitenote_category":0,"footnotes":""},"categories":[34,70,69,21,22],"tags":[93,1395,822,1730,122,300],"class_list":["post-21523","post","type-post","status-publish","format-standard","has-post-thumbnail","hentry","category-brasil","category-destaques","category-noticias2","category-politica","category-seguranca","tag-brasil","tag-jair-bolsonaro","tag-marielle-franco","tag-pericia","tag-policia-civil","tag-rio-de-janeiro"],"aioseo_notices":[],"_links":{"self":[{"href":"https:\/\/www.portalalerta.com.br\/index.php\/wp-json\/wp\/v2\/posts\/21523","targetHints":{"allow":["GET"]}}],"collection":[{"href":"https:\/\/www.portalalerta.com.br\/index.php\/wp-json\/wp\/v2\/posts"}],"about":[{"href":"https:\/\/www.portalalerta.com.br\/index.php\/wp-json\/wp\/v2\/types\/post"}],"author":[{"embeddable":true,"href":"https:\/\/www.portalalerta.com.br\/index.php\/wp-json\/wp\/v2\/users\/2"}],"replies":[{"embeddable":true,"href":"https:\/\/www.portalalerta.com.br\/index.php\/wp-json\/wp\/v2\/comments?post=21523"}],"version-history":[{"count":1,"href":"https:\/\/www.portalalerta.com.br\/index.php\/wp-json\/wp\/v2\/posts\/21523\/revisions"}],"predecessor-version":[{"id":21524,"href":"https:\/\/www.portalalerta.com.br\/index.php\/wp-json\/wp\/v2\/posts\/21523\/revisions\/21524"}],"wp:featuredmedia":[{"embeddable":true,"href":"https:\/\/www.portalalerta.com.br\/index.php\/wp-json\/wp\/v2\/media\/20026"}],"wp:attachment":[{"href":"https:\/\/www.portalalerta.com.br\/index.php\/wp-json\/wp\/v2\/media?parent=21523"}],"wp:term":[{"taxonomy":"category","embeddable":true,"href":"https:\/\/www.portalalerta.com.br\/index.php\/wp-json\/wp\/v2\/categories?post=21523"},{"taxonomy":"post_tag","embeddable":true,"href":"https:\/\/www.portalalerta.com.br\/index.php\/wp-json\/wp\/v2\/tags?post=21523"}],"curies":[{"name":"wp","href":"https:\/\/api.w.org\/{rel}","templated":true}]}}