{"id":21525,"date":"2020-02-11T15:32:35","date_gmt":"2020-02-11T18:32:35","guid":{"rendered":"https:\/\/www.portalalerta.com.br\/?p=21525"},"modified":"2020-02-11T15:32:35","modified_gmt":"2020-02-11T18:32:35","slug":"cicero-dantas-ba-pt-do-semi-arido-e-as-eleicoes-municipais-2020","status":"publish","type":"post","link":"https:\/\/www.portalalerta.com.br\/index.php\/2020\/02\/11\/cicero-dantas-ba-pt-do-semi-arido-e-as-eleicoes-municipais-2020\/","title":{"rendered":"C\u00edcero Dantas-BA: PT do Semi-\u00c1rido e as elei\u00e7\u00f5es municipais 2020"},"content":{"rendered":"<p style=\"text-align: justify;\">No \u00faltimo s\u00e1bado, 08, Partido dos Trabalhadores organizou seu Encontro Territorial em C\u00edcero Dantas (BA) e que contou com a participa\u00e7\u00e3o de 16 (dezesseis) munic\u00edpios do Territ\u00f3rio.\u00a0A pauta principal era discuss\u00e3o e T\u00e1tica eleitoral e aprofundamento sobre as Elei\u00e7\u00f5es Municipais de 2020.<!--more--><\/p>\n<p style=\"text-align: justify;\">V\u00e1rios nomes do Partido estiveram presentes, como o Presidente do PT Estadual, \u00c9den Valadares; a Deputada da regi\u00e3o F\u00e1tima Nunes; o Secret\u00e1rio Josias Gomes; o Deputado Joseildo Ramos; o ex-Presidente Jonas Paulo; o membro da Executiva Nacional, Everaldo Anuncia\u00e7\u00e3o;\u00a0\u00a0Osmar Galdino e Marcelo Aguiar, da Executiva Estadual; Prefeito Germano de Ribeira do Amparo; Prefeito Ricardo Gomes, de C\u00edcero Dantas; Murilo, Presidente PT de C\u00edcero Dantas BA, empossado no Encontro; Cristina, representando a CUT; v\u00e1rios vice-prefeitos e Vereadores do PT\u00a0e Presidentes dos PTs Municipais.<\/p>\n<p style=\"text-align: justify;\"><img fetchpriority=\"high\" decoding=\"async\" class=\"size-full wp-image-2902 alignleft\" src=\"https:\/\/www.portalalerta.com.br\/wp-content\/uploads\/2017\/11\/elab-2.jpg\" alt=\"\" width=\"310\" height=\"200\" srcset=\"https:\/\/www.portalalerta.com.br\/wp-content\/uploads\/2017\/11\/elab-2.jpg 310w, https:\/\/www.portalalerta.com.br\/wp-content\/uploads\/2017\/11\/elab-2-226x146.jpg 226w, https:\/\/www.portalalerta.com.br\/wp-content\/uploads\/2017\/11\/elab-2-50x32.jpg 50w, https:\/\/www.portalalerta.com.br\/wp-content\/uploads\/2017\/11\/elab-2-116x75.jpg 116w\" sizes=\"(max-width: 310px) 100vw, 310px\" \/>Entre as principais discuss\u00f5es se destacaram: a import\u00e2ncia da organiza\u00e7\u00e3o de chapa de vereadores nos munic\u00edpios; cuidar de alian\u00e7as com partidas da base de Rui Costa, e destacar o que foi os governos do presidente Lula e Dilma como verdadeiro espa\u00e7o de inclus\u00e3o dos menos favorecidos deste Pa\u00eds. Como sugest\u00e3o ser\u00e3o criados Grupos Territoriais de t\u00e1tica Eleitoral e Conselho de Acompanhamento dos Gastos P\u00fablicos.<\/p>\n<p>Estiveram presentes os munic\u00edpios de Adustina, Antas, C\u00edcero Dantas, Cip\u00f3, Cel. Jo\u00e3o S\u00e1, Euclides da Cunha, F\u00e1tima, Heli\u00f3polis, Jeremoabo, Nova Soure, Novo Triunfo, Paripiranga, Pedro Alexandre, Ribeira do Amparo, Ribeira do Pombal, Santa Br\u00edgida e S\u00edtio do Quinto, do Territ\u00f3rio Semi\u00e1rido Nordeste II e Tucano, de outro Territ\u00f3rio.<\/p>\n<h2 style=\"text-align: justify;\">Posse do Diret\u00f3rio Municipal<\/h2>\n<p style=\"text-align: justify;\">Na ocasi\u00e3o o partido empossou o novo DIRET\u00d3RIO municipal. O novo presidente municipal Murilo, agradeceu a todos os filiados pela confian\u00e7a a ele depositada, bem como \u00e0 deputada F\u00e1tima Nunes e o vice prefeito de C\u00edcero Dantas Jean Nunes (PT) pelo apoio.<\/p>\n<p style=\"text-align: justify;\">O presidente empossado ainda disse que \u201cuma das metas do partido \u00e9 se aproximar mais dos movimentos sociais e continuar o trabalho, atraindo novos filiados para fortalecer a base pol\u00edtica e ter bons nomes no partido para concorrer na elei\u00e7\u00e3o municipal de vereadores, outros nomes est\u00e3o se juntando ao PT para concorrer as vagas na C\u00e2mara Municipal&#8221;, afirmou.\n<\/p>\n<figure id=\"attachment_21526\" aria-describedby=\"caption-attachment-21526\" style=\"width: 500px\" class=\"wp-caption aligncenter\"><img decoding=\"async\" class=\"wp-image-21526 size-full\" src=\"https:\/\/www.portalalerta.com.br\/wp-content\/uploads\/2020\/02\/Murilo-presidente-do-PT-C\u00edcero-Dantas-2020.jpg\" alt=\"\" width=\"500\" height=\"400\" srcset=\"https:\/\/www.portalalerta.com.br\/wp-content\/uploads\/2020\/02\/Murilo-presidente-do-PT-C\u00edcero-Dantas-2020.jpg 500w, https:\/\/www.portalalerta.com.br\/wp-content\/uploads\/2020\/02\/Murilo-presidente-do-PT-C\u00edcero-Dantas-2020-300x240.jpg 300w, https:\/\/www.portalalerta.com.br\/wp-content\/uploads\/2020\/02\/Murilo-presidente-do-PT-C\u00edcero-Dantas-2020-183x146.jpg 183w, https:\/\/www.portalalerta.com.br\/wp-content\/uploads\/2020\/02\/Murilo-presidente-do-PT-C\u00edcero-Dantas-2020-50x40.jpg 50w, https:\/\/www.portalalerta.com.br\/wp-content\/uploads\/2020\/02\/Murilo-presidente-do-PT-C\u00edcero-Dantas-2020-94x75.jpg 94w\" sizes=\"(max-width: 500px) 100vw, 500px\" \/><figcaption id=\"caption-attachment-21526\" class=\"wp-caption-text\">Murilo presidente empossado<\/figcaption><\/figure>\n<p style=\"text-align: justify;\"><em>Fonte: Jeremoabo.com.br e C\u00edcero Dantas Acontece<\/em><\/p>\n","protected":false},"excerpt":{"rendered":"<p>No \u00faltimo s\u00e1bado, 08, Partido dos Trabalhadores organizou seu Encontro Territorial em C\u00edcero Dantas (BA) e que contou com a participa\u00e7\u00e3o de 16 (dezesseis) munic\u00edpios do Territ\u00f3rio.\u00a0A pauta principal era discuss\u00e3o e T\u00e1tica eleitoral e aprofundamento sobre as Elei\u00e7\u00f5es Municipais de 2020.<\/p>\n","protected":false},"author":2,"featured_media":21527,"comment_status":"open","ping_status":"open","sticky":false,"template":"","format":"standard","meta":{"om_disable_all_campaigns":false,"_monsterinsights_skip_tracking":false,"_monsterinsights_sitenote_active":false,"_monsterinsights_sitenote_note":"","_monsterinsights_sitenote_category":0,"footnotes":""},"categories":[40,5,4,13,70,17,10,6,9,69,14,8,11,21,32,16,3,7,12],"tags":[100,71,3389,75,45,2789,129,183,107,44,230,106,203,51,1518,199,603,304,88,47,555,111,190],"class_list":["post-21525","post","type-post","status-publish","format-standard","has-post-thumbnail","hentry","category-adustina","category-antas","category-cicero-dantas","category-cipo","category-destaques","category-euclides-da-cunha","category-fatima","category-heliopolis","category-jeremoabo","category-noticias2","category-nova-soure","category-novo-triunfo","category-paripiranga","category-politica","category-regiao","category-ribeira-do-amparo","category-ribeira-do-pombal","category-sitio-do-quinto","category-tucano","tag-adustina","tag-antas","tag-cel-joao-sa","tag-cicero-dantas","tag-cipo","tag-diretorio-municipal","tag-euclides-da-cunha","tag-evento","tag-fatima","tag-heliopolis","tag-jeremoabo","tag-nova-soure","tag-novo-triunfo","tag-paripiranga","tag-pedro-alexandre","tag-politica","tag-posse","tag-pt","tag-ribeira-do-amparo","tag-ribeira-do-pombal","tag-santa-brigida","tag-sitio-do-quinto","tag-tucano"],"aioseo_notices":[],"_links":{"self":[{"href":"https:\/\/www.portalalerta.com.br\/index.php\/wp-json\/wp\/v2\/posts\/21525","targetHints":{"allow":["GET"]}}],"collection":[{"href":"https:\/\/www.portalalerta.com.br\/index.php\/wp-json\/wp\/v2\/posts"}],"about":[{"href":"https:\/\/www.portalalerta.com.br\/index.php\/wp-json\/wp\/v2\/types\/post"}],"author":[{"embeddable":true,"href":"https:\/\/www.portalalerta.com.br\/index.php\/wp-json\/wp\/v2\/users\/2"}],"replies":[{"embeddable":true,"href":"https:\/\/www.portalalerta.com.br\/index.php\/wp-json\/wp\/v2\/comments?post=21525"}],"version-history":[{"count":1,"href":"https:\/\/www.portalalerta.com.br\/index.php\/wp-json\/wp\/v2\/posts\/21525\/revisions"}],"predecessor-version":[{"id":21528,"href":"https:\/\/www.portalalerta.com.br\/index.php\/wp-json\/wp\/v2\/posts\/21525\/revisions\/21528"}],"wp:featuredmedia":[{"embeddable":true,"href":"https:\/\/www.portalalerta.com.br\/index.php\/wp-json\/wp\/v2\/media\/21527"}],"wp:attachment":[{"href":"https:\/\/www.portalalerta.com.br\/index.php\/wp-json\/wp\/v2\/media?parent=21525"}],"wp:term":[{"taxonomy":"category","embeddable":true,"href":"https:\/\/www.portalalerta.com.br\/index.php\/wp-json\/wp\/v2\/categories?post=21525"},{"taxonomy":"post_tag","embeddable":true,"href":"https:\/\/www.portalalerta.com.br\/index.php\/wp-json\/wp\/v2\/tags?post=21525"}],"curies":[{"name":"wp","href":"https:\/\/api.w.org\/{rel}","templated":true}]}}