{"id":21621,"date":"2020-02-17T00:53:08","date_gmt":"2020-02-17T03:53:08","guid":{"rendered":"https:\/\/www.portalalerta.com.br\/?p=21621"},"modified":"2020-02-17T22:17:02","modified_gmt":"2020-02-18T01:17:02","slug":"sem-surpresas-pre-candidaturas-sao-lancadas-em-ribeira-do-pombal-ba","status":"publish","type":"post","link":"https:\/\/www.portalalerta.com.br\/index.php\/2020\/02\/17\/sem-surpresas-pre-candidaturas-sao-lancadas-em-ribeira-do-pombal-ba\/","title":{"rendered":"Sem Surpresas, pr\u00e9-candidaturas s\u00e3o lan\u00e7adas em Ribeira do Pombal-BA"},"content":{"rendered":"<p style=\"text-align: justify;\">Conforme anunciado, o \u00faltimo s\u00e1bado, 15, ficou marcado como o ponto de partida para as elei\u00e7\u00f5es municipais, ano 2020, em Ribeira do Pombal-BA. Pol\u00edticos e eleitores, ligados \u00e0 situa\u00e7\u00e3o e oposi\u00e7\u00e3o, escolheram a referida data para tornarem p\u00fablicas \u00e0s pr\u00e9-candidaturas aos prefeit\u00e1veis no referido pleito.<!--more--><\/p>\n<h2 style=\"text-align: justify;\"><strong>Situa\u00e7\u00e3o<\/strong><\/h2>\n<p style=\"text-align: justify;\"><img fetchpriority=\"high\" decoding=\"async\" class=\"alignleft wp-image-21423 size-full\" src=\"https:\/\/www.portalalerta.com.br\/wp-content\/uploads\/2020\/02\/Liquida-ver\u00e3o-Real.jpeg\" alt=\"\" width=\"320\" height=\"400\" \/><\/p>\n<p>&nbsp;<\/p>\n<p style=\"text-align: justify;\">Por volta das 09:00hs, no Hotel A Kascata, o prefeito Ricardo Maia (PSD) acompanhado por lideran\u00e7as pol\u00edticas locais e estaduais, lan\u00e7ou o nome do empres\u00e1rio Eriksson Santos Silva, como pr\u00e9-candidato a concorrer ao Pal\u00e1cio da Ematerba. Por um tempo, a indica\u00e7\u00e3o a ser feita por Maia era considerada uma inc\u00f3gnita, tendo em vista que v\u00e1rios nomes foram lan\u00e7ados nos bastidores, o que n\u00e3o passou de meras especula\u00e7\u00f5es pol\u00edticas, por\u00e9m nas \u00faltimas semanas, a decis\u00e3o favor\u00e1vel \u00e0 Eriksson j\u00e1 n\u00e3o era mais nenhuma surpresa. Al\u00e9m de Ricardo, vereadores da base aliada e secret\u00e1rios municipais, foram registradas as presen\u00e7as dos: Senador Otto Alencar, Deputado Federal Otto Filho, e Deputado Estadual Rog\u00e9rio Andrade Filho, todos do PSD (Partido Social Democr\u00e1tico), sigla que dever\u00e1 acompanhar Eriksson na campanha. Na ocasi\u00e3o n\u00e3o foi divulgado o nome do pr\u00e9-candidato \u00e0 vice-prefeito, ficando a chapa majorit\u00e1ria, incompleta.<\/p>\n<figure id=\"attachment_21622\" aria-describedby=\"caption-attachment-21622\" style=\"width: 720px\" class=\"wp-caption aligncenter\"><img decoding=\"async\" class=\"wp-image-21622 size-full\" src=\"https:\/\/www.portalalerta.com.br\/wp-content\/uploads\/2020\/02\/pr\u00e9-candidatura-de-Eriksson-Silva-2020.jpg\" alt=\"\" width=\"720\" height=\"540\" srcset=\"https:\/\/www.portalalerta.com.br\/wp-content\/uploads\/2020\/02\/pr\u00e9-candidatura-de-Eriksson-Silva-2020.jpg 720w, https:\/\/www.portalalerta.com.br\/wp-content\/uploads\/2020\/02\/pr\u00e9-candidatura-de-Eriksson-Silva-2020-320x240.jpg 320w, https:\/\/www.portalalerta.com.br\/wp-content\/uploads\/2020\/02\/pr\u00e9-candidatura-de-Eriksson-Silva-2020-195x146.jpg 195w, https:\/\/www.portalalerta.com.br\/wp-content\/uploads\/2020\/02\/pr\u00e9-candidatura-de-Eriksson-Silva-2020-50x38.jpg 50w, https:\/\/www.portalalerta.com.br\/wp-content\/uploads\/2020\/02\/pr\u00e9-candidatura-de-Eriksson-Silva-2020-100x75.jpg 100w\" sizes=\"(max-width: 720px) 100vw, 720px\" \/><figcaption id=\"caption-attachment-21622\" class=\"wp-caption-text\">Pr\u00e9 candidatura de Eriksson Silva<\/figcaption><\/figure>\n<p style=\"text-align: justify;\">Eriksson que \u00e9 filho de pol\u00edtico, o ex vereador \u201cDed\u00e9 de Manelinho\u201d, atualmente atua como empres\u00e1rio no ramo de constru\u00e7\u00e3o, no munic\u00edpio. Na pol\u00edtica, o pr\u00e9-candidato participou da gest\u00e3o Maia, onde atuou como secret\u00e1rio.<\/p>\n<h2 style=\"text-align: justify;\">Oposi\u00e7\u00e3o<\/h2>\n<p style=\"text-align: justify;\">Por volta das 17:00hs, o grupo oposicionista, entre eles pol\u00edticos e eleitores, se reuniu no Espa\u00e7o Borges Eventos, para o lan\u00e7amento da pr\u00e9-candidatura do ex prefeito Jos\u00e9 Louren\u00e7o Morais da Silva Junior (Z\u00e9 Grilo). Diferente de Erickson, o nome de Z\u00e9 Grilo j\u00e1 era tido como certo nos bastidores pol\u00edticos. Al\u00e9m do ex prefeito, e de vereadores oposicionistas, estiveram presentes no evento: Vice Governador da Bahia, Jo\u00e3o Le\u00e3o (PP); os deputados federais Cac\u00e1 Le\u00e3o (PP), e Marcelo Nilo (PSB); e o Deputado Estadual Luciano Sim\u00f5es (DEM). Na ocasi\u00e3o, o nome de Gordo de Dad\u00e1 (DEM), antigo advers\u00e1rio pol\u00edtico de Z\u00e9 Grilo, foi lan\u00e7ado como pr\u00e9-candidato \u00e0 vice-prefeito, completando a chapa majorit\u00e1ria.<\/p>\n<figure id=\"attachment_21623\" aria-describedby=\"caption-attachment-21623\" style=\"width: 720px\" class=\"wp-caption aligncenter\"><img decoding=\"async\" class=\"wp-image-21623 size-full\" src=\"https:\/\/www.portalalerta.com.br\/wp-content\/uploads\/2020\/02\/pr\u00e9-candidatura-de-Z\u00e9-Grilo-2020.jpg\" alt=\"\" width=\"720\" height=\"540\" srcset=\"https:\/\/www.portalalerta.com.br\/wp-content\/uploads\/2020\/02\/pr\u00e9-candidatura-de-Z\u00e9-Grilo-2020.jpg 720w, https:\/\/www.portalalerta.com.br\/wp-content\/uploads\/2020\/02\/pr\u00e9-candidatura-de-Z\u00e9-Grilo-2020-320x240.jpg 320w, https:\/\/www.portalalerta.com.br\/wp-content\/uploads\/2020\/02\/pr\u00e9-candidatura-de-Z\u00e9-Grilo-2020-195x146.jpg 195w, https:\/\/www.portalalerta.com.br\/wp-content\/uploads\/2020\/02\/pr\u00e9-candidatura-de-Z\u00e9-Grilo-2020-50x38.jpg 50w, https:\/\/www.portalalerta.com.br\/wp-content\/uploads\/2020\/02\/pr\u00e9-candidatura-de-Z\u00e9-Grilo-2020-100x75.jpg 100w\" sizes=\"(max-width: 720px) 100vw, 720px\" \/><figcaption id=\"caption-attachment-21623\" class=\"wp-caption-text\">Pr\u00e9 Candidatura de Z\u00e9 Grilo<\/figcaption><\/figure>\n<p style=\"text-align: justify;\">Filho do ex Deputado Federal Jos\u00e9 Louren\u00e7o Morais da Silva (<em>In memoriam<\/em>), Z\u00e9 Grilo foi prefeito de Ribeira do Pombal-BA por duas vezes, no per\u00edodo de 2004 \u00e0 2012.<\/p>\n<p style=\"text-align: justify;\"><em>Reda\u00e7\u00e3o: Portal Alerta<\/em><\/p>\n<p style=\"text-align: justify;\">\n","protected":false},"excerpt":{"rendered":"<p>Conforme anunciado, o \u00faltimo s\u00e1bado, 15, ficou marcado como o ponto de partida para as elei\u00e7\u00f5es municipais, ano 2020, em Ribeira do Pombal-BA. Pol\u00edticos e eleitores, ligados \u00e0 situa\u00e7\u00e3o e oposi\u00e7\u00e3o, escolheram a referida data para tornarem p\u00fablicas \u00e0s pr\u00e9-candidaturas aos prefeit\u00e1veis no referido pleito.<\/p>\n","protected":false},"author":2,"featured_media":21624,"comment_status":"open","ping_status":"open","sticky":false,"template":"","format":"standard","meta":{"om_disable_all_campaigns":false,"_monsterinsights_skip_tracking":false,"_monsterinsights_sitenote_active":false,"_monsterinsights_sitenote_note":"","_monsterinsights_sitenote_category":0,"footnotes":""},"categories":[70,69,21,32,3],"tags":[782,1556,3215,3400,3401,1116,889,145,961,47,3259],"class_list":["post-21621","post","type-post","status-publish","format-standard","has-post-thumbnail","hentry","category-destaques","category-noticias2","category-politica","category-regiao","category-ribeira-do-pombal","tag-candidatos","tag-dem","tag-eleicoes-2020","tag-eriksson-silva","tag-gordo-de-dada","tag-pp","tag-pre-candidatos","tag-prefeitura","tag-psd","tag-ribeira-do-pombal","tag-ze-grilo"],"aioseo_notices":[],"_links":{"self":[{"href":"https:\/\/www.portalalerta.com.br\/index.php\/wp-json\/wp\/v2\/posts\/21621","targetHints":{"allow":["GET"]}}],"collection":[{"href":"https:\/\/www.portalalerta.com.br\/index.php\/wp-json\/wp\/v2\/posts"}],"about":[{"href":"https:\/\/www.portalalerta.com.br\/index.php\/wp-json\/wp\/v2\/types\/post"}],"author":[{"embeddable":true,"href":"https:\/\/www.portalalerta.com.br\/index.php\/wp-json\/wp\/v2\/users\/2"}],"replies":[{"embeddable":true,"href":"https:\/\/www.portalalerta.com.br\/index.php\/wp-json\/wp\/v2\/comments?post=21621"}],"version-history":[{"count":4,"href":"https:\/\/www.portalalerta.com.br\/index.php\/wp-json\/wp\/v2\/posts\/21621\/revisions"}],"predecessor-version":[{"id":21661,"href":"https:\/\/www.portalalerta.com.br\/index.php\/wp-json\/wp\/v2\/posts\/21621\/revisions\/21661"}],"wp:featuredmedia":[{"embeddable":true,"href":"https:\/\/www.portalalerta.com.br\/index.php\/wp-json\/wp\/v2\/media\/21624"}],"wp:attachment":[{"href":"https:\/\/www.portalalerta.com.br\/index.php\/wp-json\/wp\/v2\/media?parent=21621"}],"wp:term":[{"taxonomy":"category","embeddable":true,"href":"https:\/\/www.portalalerta.com.br\/index.php\/wp-json\/wp\/v2\/categories?post=21621"},{"taxonomy":"post_tag","embeddable":true,"href":"https:\/\/www.portalalerta.com.br\/index.php\/wp-json\/wp\/v2\/tags?post=21621"}],"curies":[{"name":"wp","href":"https:\/\/api.w.org\/{rel}","templated":true}]}}