{"id":22636,"date":"2020-03-24T18:25:04","date_gmt":"2020-03-24T21:25:04","guid":{"rendered":"https:\/\/www.portalalerta.com.br\/?p=22636"},"modified":"2020-03-24T18:25:04","modified_gmt":"2020-03-24T21:25:04","slug":"com-mais-3-diagnosticos-bahia-chega-a-79-casos-confirmados-de-covid-19","status":"publish","type":"post","link":"https:\/\/www.portalalerta.com.br\/index.php\/2020\/03\/24\/com-mais-3-diagnosticos-bahia-chega-a-79-casos-confirmados-de-covid-19\/","title":{"rendered":"Com mais 3 diagn\u00f3sticos, Bahia chega a 79 casos confirmados de Covid-19"},"content":{"rendered":"<p style=\"text-align: justify;\">A Bahia registrou mais tr\u00eas casos confirmados de coronav\u00edrus e o n\u00famero chegou a 79 no estado. Segundo a Secretaria de Sa\u00fade do estado da Bahia (Sesab), 725 casos foram descartados e n\u00e3o h\u00e1 \u00f3bitos. A informa\u00e7\u00e3o foi divulgada na tarde desta ter\u00e7a-feira (24) e o n\u00famero contabilizada casos de janeiro at\u00e9 as 17h de hoje.<!--more--><\/p>\n<p style=\"text-align: justify;\"><img fetchpriority=\"high\" decoding=\"async\" class=\"alignleft wp-image-22560 size-thumbnail\" src=\"https:\/\/www.portalalerta.com.br\/wp-content\/uploads\/2020\/03\/Real-Suspens\u00e3o-de-atendimento-2020-1-320x240.jpeg\" alt=\"\" width=\"320\" height=\"240\" \/>Diferente do divulgado anteriormente, o munic\u00edpio de Alagoinhas n\u00e3o possui caso confirmado. O paciente reside na capital, mas no momento do preenchimento da ficha de notifica\u00e7\u00e3o, tinha informado o endere\u00e7o do local de trabalho. O mesmo ocorreu com uma notifica\u00e7\u00e3o inicialmente atribu\u00edda a Salvador, mas o local de moradia do paciente \u00e9 Feira de Santana. Desta forma, os munic\u00edpios com casos positivos s\u00e3o estes: Barreiras (1); Brumado (1); Cama\u00e7ari (1); Concei\u00e7\u00e3o do Jacu\u00edpe (1); Conde (1); Feira de Santana (8); Itabuna (1); Jequi\u00e9 (1); Juazeiro (2); Lauro de Freitas (3); Porto Seguro (8); Prado (2); Salvador (48 casos, com a ressalva que tr\u00eas casos s\u00e3o importados, visto que o local de resid\u00eancia \u00e9 fora da Bahia); e Teixeira de Freitas (1).<\/p>\n<p style=\"text-align: justify;\"><em>Fonte: Boc\u00e3o News<\/em><\/p>\n","protected":false},"excerpt":{"rendered":"<p>A Bahia registrou mais tr\u00eas casos confirmados de coronav\u00edrus e o n\u00famero chegou a 79 no estado. Segundo a Secretaria de Sa\u00fade do estado da Bahia (Sesab), 725 casos foram descartados e n\u00e3o h\u00e1 \u00f3bitos. A informa\u00e7\u00e3o foi divulgada na tarde desta ter\u00e7a-feira (24) e o n\u00famero contabilizada casos de janeiro at\u00e9 as 17h de &hellip;<\/p>\n","protected":false},"author":2,"featured_media":22081,"comment_status":"open","ping_status":"open","sticky":false,"template":"","format":"standard","meta":{"om_disable_all_campaigns":false,"_monsterinsights_skip_tracking":false,"_monsterinsights_sitenote_active":false,"_monsterinsights_sitenote_note":"","_monsterinsights_sitenote_category":0,"footnotes":""},"categories":[33,70,69,19],"tags":[54,588,796,227,551,935,3429,3486,377,1006,1731,445,1553,333,1054,330,61,1363],"class_list":["post-22636","post","type-post","status-publish","format-standard","has-post-thumbnail","hentry","category-bahia","category-destaques","category-noticias2","category-saude","tag-bahia","tag-barreiras","tag-brumado","tag-camacari","tag-conceicao-do-jacuipe","tag-conde","tag-coronavirus","tag-covid-19","tag-feira-de-santana","tag-itabuna","tag-jequie","tag-juazeiro","tag-lauro-de-freitas","tag-porto-seguro","tag-prado","tag-salvador","tag-saude","tag-teixeira-de-freitas"],"aioseo_notices":[],"_links":{"self":[{"href":"https:\/\/www.portalalerta.com.br\/index.php\/wp-json\/wp\/v2\/posts\/22636","targetHints":{"allow":["GET"]}}],"collection":[{"href":"https:\/\/www.portalalerta.com.br\/index.php\/wp-json\/wp\/v2\/posts"}],"about":[{"href":"https:\/\/www.portalalerta.com.br\/index.php\/wp-json\/wp\/v2\/types\/post"}],"author":[{"embeddable":true,"href":"https:\/\/www.portalalerta.com.br\/index.php\/wp-json\/wp\/v2\/users\/2"}],"replies":[{"embeddable":true,"href":"https:\/\/www.portalalerta.com.br\/index.php\/wp-json\/wp\/v2\/comments?post=22636"}],"version-history":[{"count":1,"href":"https:\/\/www.portalalerta.com.br\/index.php\/wp-json\/wp\/v2\/posts\/22636\/revisions"}],"predecessor-version":[{"id":22637,"href":"https:\/\/www.portalalerta.com.br\/index.php\/wp-json\/wp\/v2\/posts\/22636\/revisions\/22637"}],"wp:featuredmedia":[{"embeddable":true,"href":"https:\/\/www.portalalerta.com.br\/index.php\/wp-json\/wp\/v2\/media\/22081"}],"wp:attachment":[{"href":"https:\/\/www.portalalerta.com.br\/index.php\/wp-json\/wp\/v2\/media?parent=22636"}],"wp:term":[{"taxonomy":"category","embeddable":true,"href":"https:\/\/www.portalalerta.com.br\/index.php\/wp-json\/wp\/v2\/categories?post=22636"},{"taxonomy":"post_tag","embeddable":true,"href":"https:\/\/www.portalalerta.com.br\/index.php\/wp-json\/wp\/v2\/tags?post=22636"}],"curies":[{"name":"wp","href":"https:\/\/api.w.org\/{rel}","templated":true}]}}