{"id":22643,"date":"2020-03-25T08:38:10","date_gmt":"2020-03-25T11:38:10","guid":{"rendered":"https:\/\/www.portalalerta.com.br\/?p=22643"},"modified":"2020-03-25T08:38:10","modified_gmt":"2020-03-25T11:38:10","slug":"coronavirus-idosos-abandonados-sao-encontrados-mortos-em-asilos-na-espanha","status":"publish","type":"post","link":"https:\/\/www.portalalerta.com.br\/index.php\/2020\/03\/25\/coronavirus-idosos-abandonados-sao-encontrados-mortos-em-asilos-na-espanha\/","title":{"rendered":"Coronav\u00edrus: idosos abandonados s\u00e3o encontrados mortos em asilos na Espanha"},"content":{"rendered":"<p style=\"text-align: justify;\">Militares espanh\u00f3is que est\u00e3o ajudando a combater a pandemia de\u00a0coronav\u00edrus\u00a0encontraram idosos abandonados em casas de repouso e, em alguns casos, mortos em suas camas, informou o Minist\u00e9rio da Defesa do pa\u00eds.<!--more--><\/p>\n<p style=\"text-align: justify;\">Uma investiga\u00e7\u00e3o foi iniciada para apurar as circunst\u00e2ncias do ocorrido.<\/p>\n<p style=\"text-align: justify;\">As For\u00e7as Armadas foram convocadas para ajudar a desinfetar as casas de repouso na Espanha, um dos pa\u00edses mais atingidos da Europa.<\/p>\n<p style=\"text-align: justify;\">Enquanto isso, uma pista de gelo em Madri deve ser usada como um necrot\u00e9rio tempor\u00e1rio para as v\u00edtimas da covid-19, doen\u00e7a causada pelo novo coronav\u00edrus, disseram autoridades.<\/p>\n<p style=\"text-align: justify;\">O v\u00edrus est\u00e1 se espalhando muito rapidamente na Espanha &#8211; o segundo pa\u00eds europeu mais atingido depois da It\u00e1lia.<\/p>\n<p style=\"text-align: justify;\">Na ter\u00e7a-feira (24\/03), o Minist\u00e9rio da Sa\u00fade anunciou que o n\u00famero de mortes havia aumentado em 514 nas \u00faltimas 24 horas &#8211; um recorde di\u00e1rio.<\/p>\n<p style=\"text-align: justify;\">Um total de 2.696 pessoas j\u00e1 morreram e h\u00e1 39.637 casos confirmados na Espanha.<\/p>\n<figure id=\"attachment_22644\" aria-describedby=\"caption-attachment-22644\" style=\"width: 500px\" class=\"wp-caption aligncenter\"><img fetchpriority=\"high\" decoding=\"async\" class=\"wp-image-22644 size-full\" src=\"https:\/\/www.portalalerta.com.br\/wp-content\/uploads\/2020\/03\/Idosos-mortos-na-Espanha-2020.1.jpg\" alt=\"\" width=\"500\" height=\"350\" srcset=\"https:\/\/www.portalalerta.com.br\/wp-content\/uploads\/2020\/03\/Idosos-mortos-na-Espanha-2020.1.jpg 500w, https:\/\/www.portalalerta.com.br\/wp-content\/uploads\/2020\/03\/Idosos-mortos-na-Espanha-2020.1-343x240.jpg 343w, https:\/\/www.portalalerta.com.br\/wp-content\/uploads\/2020\/03\/Idosos-mortos-na-Espanha-2020.1-209x146.jpg 209w, https:\/\/www.portalalerta.com.br\/wp-content\/uploads\/2020\/03\/Idosos-mortos-na-Espanha-2020.1-50x35.jpg 50w, https:\/\/www.portalalerta.com.br\/wp-content\/uploads\/2020\/03\/Idosos-mortos-na-Espanha-2020.1-107x75.jpg 107w\" sizes=\"(max-width: 500px) 100vw, 500px\" \/><figcaption id=\"caption-attachment-22644\" class=\"wp-caption-text\">Pista de gelo em Madri deve ser usada como um necrot\u00e9rio tempor\u00e1rio para as v\u00edtimas do v\u00edrus<\/figcaption><\/figure>\n<p style=\"text-align: justify;\">A ministra da Defesa do pa\u00eds, Margarita Robles, disse ao canal de TV Telecinco que o governo &#8220;seria r\u00edgido e inflex\u00edvel ao lidar com a maneira como as pessoas mais velhas s\u00e3o tratadas&#8221; em casas de repouso.<\/p>\n<p style=\"text-align: justify;\">&#8220;O Ex\u00e9rcito, durante algumas visitas, encontrou algumas pessoas mais velhas completamente abandonadas, \u00e0s vezes at\u00e9 mortas em suas camas&#8221;, disse ela.<\/p>\n<p style=\"text-align: justify;\">O Minist\u00e9rio da Defesa disse que os funcion\u00e1rios de algumas casas de repouso haviam abandonado o trabalho ap\u00f3s o in\u00edcio da pandemia.<\/p>\n<p style=\"text-align: justify;\"><strong>Crise funer\u00e1ria<\/strong><\/p>\n<p style=\"text-align: justify;\">As autoridades de sa\u00fade disseram que, em circunst\u00e2ncias normais, os corpos dos residentes falecidos s\u00e3o armazenados em c\u00e2maras frigor\u00edficas at\u00e9 serem recolhidos pelos servi\u00e7os funer\u00e1rios.<\/p>\n<p style=\"text-align: justify;\">Mas quando se suspeita que a causa da morte esteja ligada ao coronav\u00edrus, eles s\u00e3o deixados em suas camas at\u00e9 que possam ser retirados por agentes funer\u00e1rios devidamente equipados.<\/p>\n<p style=\"text-align: justify;\">Na capital, Madri, que registrou o maior n\u00famero de casos e mortes, isso pode levar at\u00e9 24 horas, disseram autoridades.<\/p>\n<p style=\"text-align: justify;\">O ministro da Sa\u00fade da Espanha, Salvador Illa, disse em entrevista a jornalistas que os lares de idosos s\u00e3o &#8220;uma prioridade absoluta para o governo&#8221;.<\/p>\n<p style=\"text-align: justify;\">&#8220;Vamos exercer monitoramento mais intenso desses centros&#8221;, acrescentou.<\/p>\n<p style=\"text-align: justify;\"><img decoding=\"async\" class=\"size-thumbnail wp-image-22556 alignleft\" src=\"https:\/\/www.portalalerta.com.br\/wp-content\/uploads\/2020\/03\/auto-escola-nobre-f\u00e9rias-coletivas-2020-240x240.jpg\" alt=\"\" width=\"240\" height=\"240\" srcset=\"https:\/\/www.portalalerta.com.br\/wp-content\/uploads\/2020\/03\/auto-escola-nobre-f\u00e9rias-coletivas-2020-240x240.jpg 240w, https:\/\/www.portalalerta.com.br\/wp-content\/uploads\/2020\/03\/auto-escola-nobre-f\u00e9rias-coletivas-2020-146x146.jpg 146w, https:\/\/www.portalalerta.com.br\/wp-content\/uploads\/2020\/03\/auto-escola-nobre-f\u00e9rias-coletivas-2020-50x50.jpg 50w, https:\/\/www.portalalerta.com.br\/wp-content\/uploads\/2020\/03\/auto-escola-nobre-f\u00e9rias-coletivas-2020-75x75.jpg 75w, https:\/\/www.portalalerta.com.br\/wp-content\/uploads\/2020\/03\/auto-escola-nobre-f\u00e9rias-coletivas-2020-85x85.jpg 85w, https:\/\/www.portalalerta.com.br\/wp-content\/uploads\/2020\/03\/auto-escola-nobre-f\u00e9rias-coletivas-2020-80x80.jpg 80w, https:\/\/www.portalalerta.com.br\/wp-content\/uploads\/2020\/03\/auto-escola-nobre-f\u00e9rias-coletivas-2020.jpg 720w\" sizes=\"(max-width: 240px) 100vw, 240px\" \/>\u00c0 medida que a crise em Madri piorava, a funer\u00e1ria municipal da cidade disse que suspenderia o recolhimento de corpos a partir de ter\u00e7a-feira por falta de equipamentos de prote\u00e7\u00e3o.<\/p>\n<p style=\"text-align: justify;\">A cidade deve usar uma grande pista de gelo, o Pal\u00e1cio de Hielo (Pal\u00e1cio do Gelo), como um necrot\u00e9rio tempor\u00e1rio onde os corpos ser\u00e3o armazenados at\u00e9 que as funer\u00e1rias possam recolh\u00ea-los, disseram autoridades \u00e0 imprensa espanhola.<\/p>\n<p style=\"text-align: justify;\">O complexo Palacio de Hielo, que tamb\u00e9m inclui lojas, restaurantes, boliche e cinemas, n\u00e3o fica longe do centro de eventos Ifema, onde foi instalado um hospital de campanha para pacientes com coronav\u00edrus.<\/p>\n<p style=\"text-align: justify;\">A Espanha \u00e9 o segundo pa\u00eds mais afetado da Europa depois da It\u00e1lia, que agora tem o maior n\u00famero de mortes relacionadas ao coronav\u00edrus no mundo.<\/p>\n<p style=\"text-align: justify;\">As autoridades italianas disseram na segunda-feira que 602 pessoas com covid-19 morreram nas \u00faltimas 24 horas, elevando o total para 6.077.<\/p>\n<p style=\"text-align: justify;\">Mas o aumento di\u00e1rio foi o menor desde quinta-feira, aumentando a esperan\u00e7a de que restri\u00e7\u00f5es rigorosas impostas pelo governo estejam come\u00e7ando a surtir efeito.<\/p>\n<p style=\"text-align: justify;\"><em>Fonte: Yahoo Not\u00edcias<\/em><\/p>\n","protected":false},"excerpt":{"rendered":"<p>Militares espanh\u00f3is que est\u00e3o ajudando a combater a pandemia de\u00a0coronav\u00edrus\u00a0encontraram idosos abandonados em casas de repouso e, em alguns casos, mortos em suas camas, informou o Minist\u00e9rio da Defesa do pa\u00eds.<\/p>\n","protected":false},"author":2,"featured_media":22645,"comment_status":"open","ping_status":"open","sticky":false,"template":"","format":"standard","meta":{"om_disable_all_campaigns":false,"_monsterinsights_skip_tracking":false,"_monsterinsights_sitenote_active":false,"_monsterinsights_sitenote_note":"","_monsterinsights_sitenote_category":0,"footnotes":""},"categories":[70,35,69,19],"tags":[3510,3429,3486,899,1334,608,339],"class_list":["post-22643","post","type-post","status-publish","format-standard","has-post-thumbnail","hentry","category-destaques","category-mundo","category-noticias2","category-saude","tag-asilo","tag-coronavirus","tag-covid-19","tag-espanha","tag-idosos","tag-mortos","tag-mundo"],"aioseo_notices":[],"_links":{"self":[{"href":"https:\/\/www.portalalerta.com.br\/index.php\/wp-json\/wp\/v2\/posts\/22643","targetHints":{"allow":["GET"]}}],"collection":[{"href":"https:\/\/www.portalalerta.com.br\/index.php\/wp-json\/wp\/v2\/posts"}],"about":[{"href":"https:\/\/www.portalalerta.com.br\/index.php\/wp-json\/wp\/v2\/types\/post"}],"author":[{"embeddable":true,"href":"https:\/\/www.portalalerta.com.br\/index.php\/wp-json\/wp\/v2\/users\/2"}],"replies":[{"embeddable":true,"href":"https:\/\/www.portalalerta.com.br\/index.php\/wp-json\/wp\/v2\/comments?post=22643"}],"version-history":[{"count":1,"href":"https:\/\/www.portalalerta.com.br\/index.php\/wp-json\/wp\/v2\/posts\/22643\/revisions"}],"predecessor-version":[{"id":22646,"href":"https:\/\/www.portalalerta.com.br\/index.php\/wp-json\/wp\/v2\/posts\/22643\/revisions\/22646"}],"wp:featuredmedia":[{"embeddable":true,"href":"https:\/\/www.portalalerta.com.br\/index.php\/wp-json\/wp\/v2\/media\/22645"}],"wp:attachment":[{"href":"https:\/\/www.portalalerta.com.br\/index.php\/wp-json\/wp\/v2\/media?parent=22643"}],"wp:term":[{"taxonomy":"category","embeddable":true,"href":"https:\/\/www.portalalerta.com.br\/index.php\/wp-json\/wp\/v2\/categories?post=22643"},{"taxonomy":"post_tag","embeddable":true,"href":"https:\/\/www.portalalerta.com.br\/index.php\/wp-json\/wp\/v2\/tags?post=22643"}],"curies":[{"name":"wp","href":"https:\/\/api.w.org\/{rel}","templated":true}]}}