{"id":22832,"date":"2020-03-31T13:25:42","date_gmt":"2020-03-31T16:25:42","guid":{"rendered":"https:\/\/www.portalalerta.com.br\/?p=22832"},"modified":"2020-03-31T13:25:42","modified_gmt":"2020-03-31T16:25:42","slug":"coronavirus-forcas-armadas-ampliam-producao-de-alcool-em-gel-e-cloroquina","status":"publish","type":"post","link":"https:\/\/www.portalalerta.com.br\/index.php\/2020\/03\/31\/coronavirus-forcas-armadas-ampliam-producao-de-alcool-em-gel-e-cloroquina\/","title":{"rendered":"Coronav\u00edrus: For\u00e7as Armadas ampliam produ\u00e7\u00e3o de \u00e1lcool em gel e cloroquina"},"content":{"rendered":"<p style=\"text-align: justify;\">O Minist\u00e9rio da Defesa anunciou que os laborat\u00f3rios qu\u00edmicos das For\u00e7as Armadas aumentaram a produ\u00e7\u00e3o de \u00e1lcool em gel e de cloroquina. A\u00a0produ\u00e7\u00e3o em car\u00e1ter emergencial acontece de forma conjunta no Laborat\u00f3rio Farmac\u00eautico da Marinha (LFM), no Laborat\u00f3rio Qu\u00edmico Farmac\u00eautico do Ex\u00e9rcito (LQFEx) e no Laborat\u00f3rio Qu\u00edmico Farmac\u00eautico da For\u00e7a A\u00e9rea (LAQFA), todos localizados no Rio de Janeiro.<!--more--><\/p>\n<p style=\"text-align: justify;\">\u201cTemos 10 mil bisnagas de \u00e1lcool gel em embalagens de 85ml em estoque. A ideia \u00e9 produzir 180 mil bisnagas\u201d, declarou a coronel m\u00e9dica do Ex\u00e9rcito Carla Clausi, subdiretora de Sa\u00fade Operacional do Ex\u00e9rcito.<\/p>\n<p style=\"text-align: justify;\">A\u00a0Aeron\u00e1utica tamb\u00e9m vai ampliar a produ\u00e7\u00e3o a\u00a0partir de hoje\u00a0(30). O\u00a0Laborat\u00f3rio Qu\u00edmico da For\u00e7a A\u00e9rea produzir\u00e1 mais de 1.200 litros de \u00e1lcool em gel. Ap\u00f3s essa data, a expectativa, de acordo com o Minist\u00e9rio da Defesa, \u00e9 aumentar a produ\u00e7\u00e3o para 8 mil litros desse produto para limpeza das m\u00e3os.<\/p>\n<p style=\"text-align: justify;\"><img fetchpriority=\"high\" decoding=\"async\" class=\"size-thumbnail wp-image-22556 alignleft\" src=\"https:\/\/www.portalalerta.com.br\/wp-content\/uploads\/2020\/03\/auto-escola-nobre-f\u00e9rias-coletivas-2020-240x240.jpg\" alt=\"\" width=\"240\" height=\"240\" srcset=\"https:\/\/www.portalalerta.com.br\/wp-content\/uploads\/2020\/03\/auto-escola-nobre-f\u00e9rias-coletivas-2020-240x240.jpg 240w, https:\/\/www.portalalerta.com.br\/wp-content\/uploads\/2020\/03\/auto-escola-nobre-f\u00e9rias-coletivas-2020-146x146.jpg 146w, https:\/\/www.portalalerta.com.br\/wp-content\/uploads\/2020\/03\/auto-escola-nobre-f\u00e9rias-coletivas-2020-50x50.jpg 50w, https:\/\/www.portalalerta.com.br\/wp-content\/uploads\/2020\/03\/auto-escola-nobre-f\u00e9rias-coletivas-2020-75x75.jpg 75w, https:\/\/www.portalalerta.com.br\/wp-content\/uploads\/2020\/03\/auto-escola-nobre-f\u00e9rias-coletivas-2020-85x85.jpg 85w, https:\/\/www.portalalerta.com.br\/wp-content\/uploads\/2020\/03\/auto-escola-nobre-f\u00e9rias-coletivas-2020-80x80.jpg 80w, https:\/\/www.portalalerta.com.br\/wp-content\/uploads\/2020\/03\/auto-escola-nobre-f\u00e9rias-coletivas-2020.jpg 720w\" sizes=\"(max-width: 240px) 100vw, 240px\" \/>\u201cN\u00f3s tamb\u00e9m adquirimos Equipamentos de Prote\u00e7\u00e3o Individual (EPI), como macac\u00e3o, touca e luva, para distribuir aos hospitais da FAB. Vamos enviar esses produtos, de forma emergencial, para uso dos m\u00e9dicos e enfermeiros que est\u00e3o enfrentando o Coronav\u00edrus\u201d, afirmou a tenente-coronel farmac\u00eautica Andreia Brum, diretora interina do LAQFA.<\/p>\n<p style=\"text-align: justify;\">O laborat\u00f3rio da Marinha tamb\u00e9m faz parte da for\u00e7a-tarefa. \u201cO setor de pesquisa e desenvolvimento iniciou \u00e1rduo trabalho para formular e adequar a estrutura fabril, a fim de permitir a produ\u00e7\u00e3o de sanitizantes como o \u00e1lcool em gel 70%. Na segunda-feira passada (20), foi prontificado o primeiro lote em escala industrial do referido produto\u201d, informou o capit\u00e3o de Mar e Guerra Andr\u00e9 Hammen, diretor do LFM.<\/p>\n<p style=\"text-align: justify;\"><strong>Cloroquina\u00a0<\/strong><\/p>\n<p style=\"text-align: justify;\">Al\u00e9m da produ\u00e7\u00e3o de \u00e1lcool em gel, os tr\u00eas laborat\u00f3rios est\u00e3o unindo for\u00e7as para ampliar a produ\u00e7\u00e3o de cloroquina, medicamento recentemente autorizado pelo Minist\u00e9rio da Sa\u00fade para ser utilizado no tratamento de pacientes acometidos por coronav\u00edrus em estado grave. O laborat\u00f3rio do Ex\u00e9rcito \u00e9 detentor do registro desse medicamento e iniciou a produ\u00e7\u00e3o na segunda-feira passada (23).<\/p>\n<p style=\"text-align: justify;\">Assim que a produ\u00e7\u00e3o for conclu\u00edda, cabe aos laborat\u00f3rios da For\u00e7a A\u00e9rea e da Marinha as etapas de embalagem e rotulagem. \u201cAs a\u00e7\u00f5es conjuntas permitir\u00e3o acelerar a produ\u00e7\u00e3o, de forma que sejam conclu\u00eddos dois lotes por semana, o que representa cerca de 500 mil comprimidos\u201d, explicou o Capit\u00e3o de Mar e Guerra Andr\u00e9 Hammen.<\/p>\n<p style=\"text-align: justify;\"><strong>Laborat\u00f3rios qu\u00edmico-farmac\u00eauticos<\/strong><\/p>\n<p style=\"text-align: justify;\">Os laborat\u00f3rios qu\u00edmico-farmac\u00eauticos das For\u00e7as Armadas atuam em parceria com o Minist\u00e9rio da Sa\u00fade, reduzindo o custo de produ\u00e7\u00e3o e a compra de medicamentos importantes de alto custo e complexidade. Ao todo, s\u00e3o 21 laborat\u00f3rios oficiais no pa\u00eds, que, juntos, produzem cerca de 30% dos medicamentos utilizados no Sistema \u00danico de Sa\u00fade (SUS).<\/p>\n<p style=\"text-align: justify;\">Fonte: Canabrava FM<\/p>\n<p style=\"text-align: justify;\">Com informa\u00e7\u00f5es: Agencia Brasil<\/p>\n","protected":false},"excerpt":{"rendered":"<p>O Minist\u00e9rio da Defesa anunciou que os laborat\u00f3rios qu\u00edmicos das For\u00e7as Armadas aumentaram a produ\u00e7\u00e3o de \u00e1lcool em gel e de cloroquina. A\u00a0produ\u00e7\u00e3o em car\u00e1ter emergencial acontece de forma conjunta no Laborat\u00f3rio Farmac\u00eautico da Marinha (LFM), no Laborat\u00f3rio Qu\u00edmico Farmac\u00eautico do Ex\u00e9rcito (LQFEx) e no Laborat\u00f3rio Qu\u00edmico Farmac\u00eautico da For\u00e7a A\u00e9rea (LAQFA), todos localizados no &hellip;<\/p>\n","protected":false},"author":2,"featured_media":22833,"comment_status":"open","ping_status":"open","sticky":false,"template":"","format":"standard","meta":{"om_disable_all_campaigns":false,"_monsterinsights_skip_tracking":false,"_monsterinsights_sitenote_active":false,"_monsterinsights_sitenote_note":"","_monsterinsights_sitenote_category":0,"footnotes":""},"categories":[34,70,69,19,22],"tags":[3366,93,3500,3429,3486,599,61],"class_list":["post-22832","post","type-post","status-publish","format-standard","has-post-thumbnail","hentry","category-brasil","category-destaques","category-noticias2","category-saude","category-seguranca","tag-alcool-em-gel","tag-brasil","tag-cloroquina","tag-coronavirus","tag-covid-19","tag-forcas-armadas","tag-saude"],"aioseo_notices":[],"_links":{"self":[{"href":"https:\/\/www.portalalerta.com.br\/index.php\/wp-json\/wp\/v2\/posts\/22832","targetHints":{"allow":["GET"]}}],"collection":[{"href":"https:\/\/www.portalalerta.com.br\/index.php\/wp-json\/wp\/v2\/posts"}],"about":[{"href":"https:\/\/www.portalalerta.com.br\/index.php\/wp-json\/wp\/v2\/types\/post"}],"author":[{"embeddable":true,"href":"https:\/\/www.portalalerta.com.br\/index.php\/wp-json\/wp\/v2\/users\/2"}],"replies":[{"embeddable":true,"href":"https:\/\/www.portalalerta.com.br\/index.php\/wp-json\/wp\/v2\/comments?post=22832"}],"version-history":[{"count":1,"href":"https:\/\/www.portalalerta.com.br\/index.php\/wp-json\/wp\/v2\/posts\/22832\/revisions"}],"predecessor-version":[{"id":22834,"href":"https:\/\/www.portalalerta.com.br\/index.php\/wp-json\/wp\/v2\/posts\/22832\/revisions\/22834"}],"wp:featuredmedia":[{"embeddable":true,"href":"https:\/\/www.portalalerta.com.br\/index.php\/wp-json\/wp\/v2\/media\/22833"}],"wp:attachment":[{"href":"https:\/\/www.portalalerta.com.br\/index.php\/wp-json\/wp\/v2\/media?parent=22832"}],"wp:term":[{"taxonomy":"category","embeddable":true,"href":"https:\/\/www.portalalerta.com.br\/index.php\/wp-json\/wp\/v2\/categories?post=22832"},{"taxonomy":"post_tag","embeddable":true,"href":"https:\/\/www.portalalerta.com.br\/index.php\/wp-json\/wp\/v2\/tags?post=22832"}],"curies":[{"name":"wp","href":"https:\/\/api.w.org\/{rel}","templated":true}]}}