{"id":22835,"date":"2020-03-31T13:47:03","date_gmt":"2020-03-31T16:47:03","guid":{"rendered":"https:\/\/www.portalalerta.com.br\/?p=22835"},"modified":"2020-03-31T13:47:03","modified_gmt":"2020-03-31T16:47:03","slug":"sinproerp-emite-nota-sobre-a-revogacao-de-parte-do-decreto-municipal-em-ribeira-do-pombal-ba","status":"publish","type":"post","link":"https:\/\/www.portalalerta.com.br\/index.php\/2020\/03\/31\/sinproerp-emite-nota-sobre-a-revogacao-de-parte-do-decreto-municipal-em-ribeira-do-pombal-ba\/","title":{"rendered":"SINPROERP emite nota sobre a revoga\u00e7\u00e3o de parte do Decreto Municipal, em Ribeira do Pombal-BA"},"content":{"rendered":"<p style=\"text-align: justify;\">O Sindicato dos Profissionais de Educa\u00e7\u00e3o da Rede de Ensino do Munic\u00edpio de Ribeira do Pombal (SINPROERP), divulgou uma nota nas redes sociais explicando as medidas adotadas pela entidade sindical em quest\u00e3o, diante do <a href=\"https:\/\/www.portalalerta.com.br\/index.php\/2020\/03\/28\/novo-decreto-municipal-restringe-abertura-de-comercio-permite-abertura-de-bancos-e-suspende-contratos-da-educacao-em-ribeira-do-pombal-ba\/\"><strong>Decreto Municipal n\u00ba 24, de 27 de mar\u00e7o de 2020<\/strong><\/a>, onde previa em seu artigo 3\u00ba, a suspens\u00e3o da Reg\u00eancia, gratifica\u00e7\u00e3o paga aos profissionais de Educa\u00e7\u00e3o do munic\u00edpio.<!--more--><\/p>\n<p style=\"text-align: justify;\"><img fetchpriority=\"high\" decoding=\"async\" class=\"size-thumbnail wp-image-18400 aligncenter\" src=\"https:\/\/www.portalalerta.com.br\/wp-content\/uploads\/2019\/07\/Real-Estilo-e-Voc\u00ea-633x240.jpeg\" alt=\"\" width=\"633\" height=\"240\" srcset=\"https:\/\/www.portalalerta.com.br\/wp-content\/uploads\/2019\/07\/Real-Estilo-e-Voc\u00ea-633x240.jpeg 633w, https:\/\/www.portalalerta.com.br\/wp-content\/uploads\/2019\/07\/Real-Estilo-e-Voc\u00ea-260x99.jpeg 260w, https:\/\/www.portalalerta.com.br\/wp-content\/uploads\/2019\/07\/Real-Estilo-e-Voc\u00ea-50x19.jpeg 50w, https:\/\/www.portalalerta.com.br\/wp-content\/uploads\/2019\/07\/Real-Estilo-e-Voc\u00ea-150x57.jpeg 150w, https:\/\/www.portalalerta.com.br\/wp-content\/uploads\/2019\/07\/Real-Estilo-e-Voc\u00ea.jpeg 720w\" sizes=\"(max-width: 633px) 100vw, 633px\" \/>Segundo o Sindicato, ao perceber a ilegalidade, tendo em vista que se trata de um direito adquirido dos profissionais, comunicou o fato ao corpo jur\u00eddico do munic\u00edpio, bem como ao prefeito Ricardo Maia. Na \u00faltima segunda-feira, 30, o gestor publicou um novo decreto, revogando o ato. <a href=\"https:\/\/www.portalalerta.com.br\/index.php\/2020\/03\/30\/prefeito-de-ribeira-do-pombal-ba-revoga-artigo-de-decreto-municipal-em-que-suspendia-regencia-de-profissionais-da-educacao\/\"><strong>Relembre<\/strong><\/a><\/p>\n<p style=\"text-align: justify;\"><strong>Veja a nota na \u00edntegra:<\/strong><\/p>\n<p style=\"text-align: justify;\"><img decoding=\"async\" class=\"aligncenter wp-image-22836 size-full\" src=\"https:\/\/www.portalalerta.com.br\/wp-content\/uploads\/2020\/03\/Nota-Sinproerp-2020.jpeg\" alt=\"\" width=\"720\" height=\"719\" srcset=\"https:\/\/www.portalalerta.com.br\/wp-content\/uploads\/2020\/03\/Nota-Sinproerp-2020.jpeg 720w, https:\/\/www.portalalerta.com.br\/wp-content\/uploads\/2020\/03\/Nota-Sinproerp-2020-240x240.jpeg 240w, https:\/\/www.portalalerta.com.br\/wp-content\/uploads\/2020\/03\/Nota-Sinproerp-2020-146x146.jpeg 146w, https:\/\/www.portalalerta.com.br\/wp-content\/uploads\/2020\/03\/Nota-Sinproerp-2020-50x50.jpeg 50w, https:\/\/www.portalalerta.com.br\/wp-content\/uploads\/2020\/03\/Nota-Sinproerp-2020-75x75.jpeg 75w, https:\/\/www.portalalerta.com.br\/wp-content\/uploads\/2020\/03\/Nota-Sinproerp-2020-85x85.jpeg 85w, https:\/\/www.portalalerta.com.br\/wp-content\/uploads\/2020\/03\/Nota-Sinproerp-2020-80x80.jpeg 80w\" sizes=\"(max-width: 720px) 100vw, 720px\" \/>Reda\u00e7\u00e3o: Portal Alerta<\/p>\n","protected":false},"excerpt":{"rendered":"<p>O Sindicato dos Profissionais de Educa\u00e7\u00e3o da Rede de Ensino do Munic\u00edpio de Ribeira do Pombal (SINPROERP), divulgou uma nota nas redes sociais explicando as medidas adotadas pela entidade sindical em quest\u00e3o, diante do Decreto Municipal n\u00ba 24, de 27 de mar\u00e7o de 2020, onde previa em seu artigo 3\u00ba, a suspens\u00e3o da Reg\u00eancia, gratifica\u00e7\u00e3o &hellip;<\/p>\n","protected":false},"author":2,"featured_media":15466,"comment_status":"open","ping_status":"open","sticky":false,"template":"","format":"standard","meta":{"om_disable_all_campaigns":false,"_monsterinsights_skip_tracking":false,"_monsterinsights_sitenote_active":false,"_monsterinsights_sitenote_note":"","_monsterinsights_sitenote_category":0,"footnotes":""},"categories":[70,20,69,21,32,3],"tags":[140,198,145,47,146,715,1511],"class_list":["post-22835","post","type-post","status-publish","format-standard","has-post-thumbnail","hentry","category-destaques","category-educacao","category-noticias2","category-politica","category-regiao","category-ribeira-do-pombal","tag-educacao","tag-prefeito","tag-prefeitura","tag-ribeira-do-pombal","tag-ricardo-maia","tag-sindicato","tag-sinproerp"],"aioseo_notices":[],"_links":{"self":[{"href":"https:\/\/www.portalalerta.com.br\/index.php\/wp-json\/wp\/v2\/posts\/22835","targetHints":{"allow":["GET"]}}],"collection":[{"href":"https:\/\/www.portalalerta.com.br\/index.php\/wp-json\/wp\/v2\/posts"}],"about":[{"href":"https:\/\/www.portalalerta.com.br\/index.php\/wp-json\/wp\/v2\/types\/post"}],"author":[{"embeddable":true,"href":"https:\/\/www.portalalerta.com.br\/index.php\/wp-json\/wp\/v2\/users\/2"}],"replies":[{"embeddable":true,"href":"https:\/\/www.portalalerta.com.br\/index.php\/wp-json\/wp\/v2\/comments?post=22835"}],"version-history":[{"count":1,"href":"https:\/\/www.portalalerta.com.br\/index.php\/wp-json\/wp\/v2\/posts\/22835\/revisions"}],"predecessor-version":[{"id":22837,"href":"https:\/\/www.portalalerta.com.br\/index.php\/wp-json\/wp\/v2\/posts\/22835\/revisions\/22837"}],"wp:featuredmedia":[{"embeddable":true,"href":"https:\/\/www.portalalerta.com.br\/index.php\/wp-json\/wp\/v2\/media\/15466"}],"wp:attachment":[{"href":"https:\/\/www.portalalerta.com.br\/index.php\/wp-json\/wp\/v2\/media?parent=22835"}],"wp:term":[{"taxonomy":"category","embeddable":true,"href":"https:\/\/www.portalalerta.com.br\/index.php\/wp-json\/wp\/v2\/categories?post=22835"},{"taxonomy":"post_tag","embeddable":true,"href":"https:\/\/www.portalalerta.com.br\/index.php\/wp-json\/wp\/v2\/tags?post=22835"}],"curies":[{"name":"wp","href":"https:\/\/api.w.org\/{rel}","templated":true}]}}