{"id":22838,"date":"2020-03-31T13:52:07","date_gmt":"2020-03-31T16:52:07","guid":{"rendered":"https:\/\/www.portalalerta.com.br\/?p=22838"},"modified":"2020-03-31T13:52:07","modified_gmt":"2020-03-31T16:52:07","slug":"bolsonaro-promete-sancionar-auxilio-de-r-600-para-coronavirus-ainda-nesta-terca","status":"publish","type":"post","link":"https:\/\/www.portalalerta.com.br\/index.php\/2020\/03\/31\/bolsonaro-promete-sancionar-auxilio-de-r-600-para-coronavirus-ainda-nesta-terca\/","title":{"rendered":"Bolsonaro promete sancionar aux\u00edlio de R$ 600 para coronav\u00edrus ainda nesta ter\u00e7a"},"content":{"rendered":"<p style=\"text-align: justify;\">O presidente Jair Bolsonaro (sem partido) prometeu sancionar ainda nesta ter\u00e7a-feira (31) o projeto que garante aux\u00edlio emergencial de R$ 600 a trabalhadores informais e de R$ 1.200 para m\u00e3es respons\u00e1veis pelo sustento da fam\u00edlia. A inten\u00e7\u00e3o da ajuda \u00e9 amenizar o impacto da crise do coronav\u00edrus sobre a situa\u00e7\u00e3o financeira da popula\u00e7\u00e3o que perdeu ou teve sua renda reduzida.<!--more--><\/p>\n<p style=\"text-align: justify;\">Bolsonaro tamb\u00e9m afirmou que deve regulamentar a concess\u00e3o do aux\u00edlio \u201co mais r\u00e1pido poss\u00edvel\u201d.<\/p>\n<p style=\"text-align: justify;\"><em><strong>\u201cEst\u00e1 pronto o decreto [de regulamenta\u00e7\u00e3o], s\u00f3 dar uma olhada e meter a caneta. Quem vai pagar \u00e9 a Caixa Econ\u00f4mica Federal. Ouvi ontem [segunda-feira, 30] alguns j\u00e1 reclamando: \u2018n\u00e3o sancionou ainda?\u2019 Foi ontem \u00e0 noite que foi aprovado. Esse pessoal que reclamou, que tinha poder dentro do Congresso, tinha que ter aprovado no mesmo dia quando eu mandei para l\u00e1\u201d<\/strong><\/em>, concluiu Bolsonaro.<\/p>\n<p style=\"text-align: justify;\">O projeto foi aprovado por unanimidade, com 79 votos a favor.<\/p>\n<p style=\"text-align: justify;\">A proposta havia sido aprovada na \u00faltima quinta-feira (26) em vota\u00e7\u00e3o simb\u00f3lica e remota na C\u00e2mara.<\/p>\n<p style=\"text-align: justify;\"><img fetchpriority=\"high\" decoding=\"async\" class=\"size-full wp-image-2902 alignleft\" src=\"https:\/\/www.portalalerta.com.br\/wp-content\/uploads\/2017\/11\/elab-2.jpg\" alt=\"\" width=\"310\" height=\"200\" srcset=\"https:\/\/www.portalalerta.com.br\/wp-content\/uploads\/2017\/11\/elab-2.jpg 310w, https:\/\/www.portalalerta.com.br\/wp-content\/uploads\/2017\/11\/elab-2-226x146.jpg 226w, https:\/\/www.portalalerta.com.br\/wp-content\/uploads\/2017\/11\/elab-2-50x32.jpg 50w, https:\/\/www.portalalerta.com.br\/wp-content\/uploads\/2017\/11\/elab-2-116x75.jpg 116w\" sizes=\"(max-width: 310px) 100vw, 310px\" \/>Inicialmente, a equipe econ\u00f4mica queria conceder R$ 200 aos informais. Pouco depois, admitiu elevar o valor a R$ 300.<\/p>\n<p style=\"text-align: justify;\">O presidente Bolsonaro decidiu anunciar o aumento no valor do aux\u00edlio que o governo pretende dar a trabalhadores informais para R$ 600 para tentar esvaziar o discurso da oposi\u00e7\u00e3o no Congresso e retomar o protagonismo sobre a medida.<\/p>\n<p style=\"text-align: justify;\">O impacto do aux\u00edlio de R$ 600 deve ficar em R$ 44 bilh\u00f5es durante o per\u00edodo em que a medida vigorar, segundo integrantes da equipe econ\u00f4mica.<\/p>\n<p style=\"text-align: justify;\">Ainda n\u00e3o foi definido o cronograma para o pagamento do aux\u00edlio emergencial, mas o calend\u00e1rio ter\u00e1 os mesmos moldes do utilizado para o saque-imediato do FGTS, de acordo com o presidente da Caixa Econ\u00f4mica Federal, Pedro Guimar\u00e3es.<\/p>\n<p style=\"text-align: justify;\">Clientes da Caixa dever\u00e3o receber os dep\u00f3sitos diretamente nas suas contas banc\u00e1rias, tamb\u00e9m como ocorreu no saque-imediato.<\/p>\n<p style=\"text-align: justify;\">Correntistas e poupadores de outros bancos poder\u00e3o optar por transferir os valores para suas contas sem a cobran\u00e7a da transfer\u00eancia, segundo Guimar\u00e3es.<\/p>\n<p style=\"text-align: justify;\"><em>Fonte: Canabrava Fm<\/em><\/p>\n<p style=\"text-align: justify;\"><em>Com informa\u00e7\u00f5es: Agencia Brasil<\/em><\/p>\n","protected":false},"excerpt":{"rendered":"<p>O presidente Jair Bolsonaro (sem partido) prometeu sancionar ainda nesta ter\u00e7a-feira (31) o projeto que garante aux\u00edlio emergencial de R$ 600 a trabalhadores informais e de R$ 1.200 para m\u00e3es respons\u00e1veis pelo sustento da fam\u00edlia. A inten\u00e7\u00e3o da ajuda \u00e9 amenizar o impacto da crise do coronav\u00edrus sobre a situa\u00e7\u00e3o financeira da popula\u00e7\u00e3o que perdeu &hellip;<\/p>\n","protected":false},"author":2,"featured_media":16645,"comment_status":"open","ping_status":"open","sticky":false,"template":"","format":"standard","meta":{"om_disable_all_campaigns":false,"_monsterinsights_skip_tracking":false,"_monsterinsights_sitenote_active":false,"_monsterinsights_sitenote_note":"","_monsterinsights_sitenote_category":0,"footnotes":""},"categories":[34,70,69,21,19],"tags":[630,93,3429,3486,1395,61,235],"class_list":["post-22838","post","type-post","status-publish","format-standard","has-post-thumbnail","hentry","category-brasil","category-destaques","category-noticias2","category-politica","category-saude","tag-ajuda-financeira","tag-brasil","tag-coronavirus","tag-covid-19","tag-jair-bolsonaro","tag-saude","tag-senado-federal"],"aioseo_notices":[],"_links":{"self":[{"href":"https:\/\/www.portalalerta.com.br\/index.php\/wp-json\/wp\/v2\/posts\/22838","targetHints":{"allow":["GET"]}}],"collection":[{"href":"https:\/\/www.portalalerta.com.br\/index.php\/wp-json\/wp\/v2\/posts"}],"about":[{"href":"https:\/\/www.portalalerta.com.br\/index.php\/wp-json\/wp\/v2\/types\/post"}],"author":[{"embeddable":true,"href":"https:\/\/www.portalalerta.com.br\/index.php\/wp-json\/wp\/v2\/users\/2"}],"replies":[{"embeddable":true,"href":"https:\/\/www.portalalerta.com.br\/index.php\/wp-json\/wp\/v2\/comments?post=22838"}],"version-history":[{"count":1,"href":"https:\/\/www.portalalerta.com.br\/index.php\/wp-json\/wp\/v2\/posts\/22838\/revisions"}],"predecessor-version":[{"id":22839,"href":"https:\/\/www.portalalerta.com.br\/index.php\/wp-json\/wp\/v2\/posts\/22838\/revisions\/22839"}],"wp:featuredmedia":[{"embeddable":true,"href":"https:\/\/www.portalalerta.com.br\/index.php\/wp-json\/wp\/v2\/media\/16645"}],"wp:attachment":[{"href":"https:\/\/www.portalalerta.com.br\/index.php\/wp-json\/wp\/v2\/media?parent=22838"}],"wp:term":[{"taxonomy":"category","embeddable":true,"href":"https:\/\/www.portalalerta.com.br\/index.php\/wp-json\/wp\/v2\/categories?post=22838"},{"taxonomy":"post_tag","embeddable":true,"href":"https:\/\/www.portalalerta.com.br\/index.php\/wp-json\/wp\/v2\/tags?post=22838"}],"curies":[{"name":"wp","href":"https:\/\/api.w.org\/{rel}","templated":true}]}}