{"id":22848,"date":"2020-03-31T17:18:53","date_gmt":"2020-03-31T20:18:53","guid":{"rendered":"https:\/\/www.portalalerta.com.br\/?p=22848"},"modified":"2020-03-31T17:18:53","modified_gmt":"2020-03-31T20:18:53","slug":"pge-ba-abre-representacao-contra-promotora-de-paulo-afonso-ba-que-recomendou-abertura-de-comercio-e-fim-de-isolamento-social-por-coronavirus","status":"publish","type":"post","link":"https:\/\/www.portalalerta.com.br\/index.php\/2020\/03\/31\/pge-ba-abre-representacao-contra-promotora-de-paulo-afonso-ba-que-recomendou-abertura-de-comercio-e-fim-de-isolamento-social-por-coronavirus\/","title":{"rendered":"PGE-BA abre representa\u00e7\u00e3o contra promotora de Paulo Afonso-BA que recomendou abertura de com\u00e9rcio e fim de isolamento social por coronav\u00edrus"},"content":{"rendered":"<p style=\"text-align: justify;\">A Procuradoria Geral do Estado da Bahia (PGE) abriu representa\u00e7\u00e3o junto ao Conselho Nacional do Minist\u00e9rio P\u00fablico contra uma promotora de Justi\u00e7a da cidade de Paulo Afonso, no norte da Bahia, que recomendou o fim do isolamento social por causa do coronav\u00edrus.<!--more--><\/p>\n<p style=\"text-align: justify;\"><img fetchpriority=\"high\" decoding=\"async\" class=\"size-thumbnail wp-image-9394 alignleft\" src=\"https:\/\/www.portalalerta.com.br\/wp-content\/uploads\/2018\/07\/05elab-320x240.jpg\" alt=\"\" width=\"320\" height=\"240\" srcset=\"https:\/\/www.portalalerta.com.br\/wp-content\/uploads\/2018\/07\/05elab-320x240.jpg 320w, https:\/\/www.portalalerta.com.br\/wp-content\/uploads\/2018\/07\/05elab-195x146.jpg 195w, https:\/\/www.portalalerta.com.br\/wp-content\/uploads\/2018\/07\/05elab-50x38.jpg 50w, https:\/\/www.portalalerta.com.br\/wp-content\/uploads\/2018\/07\/05elab-100x75.jpg 100w, https:\/\/www.portalalerta.com.br\/wp-content\/uploads\/2018\/07\/05elab.jpg 400w\" sizes=\"(max-width: 320px) 100vw, 320px\" \/>A PGE n\u00e3o informou o nome da promotora, mas detalhou que ela recomendou \u00e0 prefeitura da cidade a reabertura do com\u00e9rcio local e a realiza\u00e7\u00e3o do isolamento vertical, quando apenas idosos e pessoas com doen\u00e7as cr\u00f4nicas ficam separadas do restante da popula\u00e7\u00e3o.<\/p>\n<p style=\"text-align: justify;\">De acordo com a PGE, a recomenda\u00e7\u00e3o feita pela promotora \u00e9 incab\u00edvel e contraria as orienta\u00e7\u00f5es da Organiza\u00e7\u00e3o Mundial da Sa\u00fade, do Minist\u00e9rio da Sa\u00fade e da Secretaria de Sa\u00fade do Estado (Sesab). Al\u00e9m disso, contraria ainda os decretos estaduais publicados neste m\u00eas, com a ado\u00e7\u00e3o de medidas para o enfrentamento da crise da Covid-19.<\/p>\n<p style=\"text-align: justify;\">Segundo a PGE, o objetivo da representa\u00e7\u00e3o \u00e9 apurar os excessos da promotora. Apesar de n\u00e3o haver casos confirmados na cidade de Paulo Afonso, a prefeitura decretou situa\u00e7\u00e3o de emerg\u00eancia, por causa dos pacientes suspeitos que aguardam resultado pelo Laborat\u00f3rio Central do Estado (Lacen).<\/p>\n<p style=\"text-align: justify;\"><em>Fonte: Gazeta do Mel<\/em><\/p>\n<p style=\"text-align: justify;\"><em>Com informa\u00e7\u00f5es: G1-BA<\/em><\/p>\n","protected":false},"excerpt":{"rendered":"<p>A Procuradoria Geral do Estado da Bahia (PGE) abriu representa\u00e7\u00e3o junto ao Conselho Nacional do Minist\u00e9rio P\u00fablico contra uma promotora de Justi\u00e7a da cidade de Paulo Afonso, no norte da Bahia, que recomendou o fim do isolamento social por causa do coronav\u00edrus.<\/p>\n","protected":false},"author":2,"featured_media":22557,"comment_status":"open","ping_status":"open","sticky":false,"template":"","format":"standard","meta":{"om_disable_all_campaigns":false,"_monsterinsights_skip_tracking":false,"_monsterinsights_sitenote_active":false,"_monsterinsights_sitenote_note":"","_monsterinsights_sitenote_category":0,"footnotes":""},"categories":[33,70,69,19],"tags":[54,3429,3486,3531,3271,2967,3530,61],"class_list":["post-22848","post","type-post","status-publish","format-standard","has-post-thumbnail","hentry","category-bahia","category-destaques","category-noticias2","category-saude","tag-bahia","tag-coronavirus","tag-covid-19","tag-isolamento-social","tag-pge","tag-promotoria-de-justica","tag-recomendacao","tag-saude"],"aioseo_notices":[],"_links":{"self":[{"href":"https:\/\/www.portalalerta.com.br\/index.php\/wp-json\/wp\/v2\/posts\/22848","targetHints":{"allow":["GET"]}}],"collection":[{"href":"https:\/\/www.portalalerta.com.br\/index.php\/wp-json\/wp\/v2\/posts"}],"about":[{"href":"https:\/\/www.portalalerta.com.br\/index.php\/wp-json\/wp\/v2\/types\/post"}],"author":[{"embeddable":true,"href":"https:\/\/www.portalalerta.com.br\/index.php\/wp-json\/wp\/v2\/users\/2"}],"replies":[{"embeddable":true,"href":"https:\/\/www.portalalerta.com.br\/index.php\/wp-json\/wp\/v2\/comments?post=22848"}],"version-history":[{"count":1,"href":"https:\/\/www.portalalerta.com.br\/index.php\/wp-json\/wp\/v2\/posts\/22848\/revisions"}],"predecessor-version":[{"id":22849,"href":"https:\/\/www.portalalerta.com.br\/index.php\/wp-json\/wp\/v2\/posts\/22848\/revisions\/22849"}],"wp:featuredmedia":[{"embeddable":true,"href":"https:\/\/www.portalalerta.com.br\/index.php\/wp-json\/wp\/v2\/media\/22557"}],"wp:attachment":[{"href":"https:\/\/www.portalalerta.com.br\/index.php\/wp-json\/wp\/v2\/media?parent=22848"}],"wp:term":[{"taxonomy":"category","embeddable":true,"href":"https:\/\/www.portalalerta.com.br\/index.php\/wp-json\/wp\/v2\/categories?post=22848"},{"taxonomy":"post_tag","embeddable":true,"href":"https:\/\/www.portalalerta.com.br\/index.php\/wp-json\/wp\/v2\/tags?post=22848"}],"curies":[{"name":"wp","href":"https:\/\/api.w.org\/{rel}","templated":true}]}}