{"id":22850,"date":"2020-03-31T17:21:57","date_gmt":"2020-03-31T20:21:57","guid":{"rendered":"https:\/\/www.portalalerta.com.br\/?p=22850"},"modified":"2020-03-31T17:21:57","modified_gmt":"2020-03-31T20:21:57","slug":"prefeitura-de-tucano-ba-anuncia-o-cancelamento-das-festas-de-sao-joao-e-destinara-recursos-para-a-saude","status":"publish","type":"post","link":"https:\/\/www.portalalerta.com.br\/index.php\/2020\/03\/31\/prefeitura-de-tucano-ba-anuncia-o-cancelamento-das-festas-de-sao-joao-e-destinara-recursos-para-a-saude\/","title":{"rendered":"Prefeitura de Tucano-BA anuncia o cancelamento das festas de S\u00e3o Jo\u00e3o e destinar\u00e1 recursos para a sa\u00fade"},"content":{"rendered":"<p style=\"text-align: justify;\">A Prefeitura de Tucano-BA publicou o Decreto n\u00b0 041 e anunciou o cancelamento das festas de S\u00e3o Jo\u00e3o.<!--more--><\/p>\n<p style=\"text-align: justify;\"><img fetchpriority=\"high\" decoding=\"async\" class=\"size-thumbnail wp-image-22556 alignleft\" src=\"https:\/\/www.portalalerta.com.br\/wp-content\/uploads\/2020\/03\/auto-escola-nobre-f\u00e9rias-coletivas-2020-240x240.jpg\" alt=\"\" width=\"240\" height=\"240\" srcset=\"https:\/\/www.portalalerta.com.br\/wp-content\/uploads\/2020\/03\/auto-escola-nobre-f\u00e9rias-coletivas-2020-240x240.jpg 240w, https:\/\/www.portalalerta.com.br\/wp-content\/uploads\/2020\/03\/auto-escola-nobre-f\u00e9rias-coletivas-2020-146x146.jpg 146w, https:\/\/www.portalalerta.com.br\/wp-content\/uploads\/2020\/03\/auto-escola-nobre-f\u00e9rias-coletivas-2020-50x50.jpg 50w, https:\/\/www.portalalerta.com.br\/wp-content\/uploads\/2020\/03\/auto-escola-nobre-f\u00e9rias-coletivas-2020-75x75.jpg 75w, https:\/\/www.portalalerta.com.br\/wp-content\/uploads\/2020\/03\/auto-escola-nobre-f\u00e9rias-coletivas-2020-85x85.jpg 85w, https:\/\/www.portalalerta.com.br\/wp-content\/uploads\/2020\/03\/auto-escola-nobre-f\u00e9rias-coletivas-2020-80x80.jpg 80w, https:\/\/www.portalalerta.com.br\/wp-content\/uploads\/2020\/03\/auto-escola-nobre-f\u00e9rias-coletivas-2020.jpg 720w\" sizes=\"(max-width: 240px) 100vw, 240px\" \/>A gest\u00e3o afirma que destinar\u00e1 os recursos previstos para as festas, para a sa\u00fade, tendo com justificativa o atual momento Pandemia pelo Coronav\u00edrus. O munic\u00edpio n\u00e3o tem casos confirmados de Covid-19, mas a OMS e o Minist\u00e9rio da Sa\u00fade recomendam isolamento social e afirmam que n\u00e3o deve haver aglomera\u00e7\u00f5es de pessoas.<\/p>\n<p style=\"text-align: justify;\">As medidas, ent\u00e3o, s\u00e3o vistas como preventivas para a doen\u00e7a.<\/p>\n<p style=\"text-align: justify;\"><em>Fonte: A voz do Campo<\/em><\/p>\n","protected":false},"excerpt":{"rendered":"<p>A Prefeitura de Tucano-BA publicou o Decreto n\u00b0 041 e anunciou o cancelamento das festas de S\u00e3o Jo\u00e3o.<\/p>\n","protected":false},"author":2,"featured_media":14155,"comment_status":"open","ping_status":"open","sticky":false,"template":"","format":"standard","meta":{"om_disable_all_campaigns":false,"_monsterinsights_skip_tracking":false,"_monsterinsights_sitenote_active":false,"_monsterinsights_sitenote_note":"","_monsterinsights_sitenote_category":0,"footnotes":""},"categories":[70,36,69,21,32,19,12],"tags":[1134,3429,3486,779,61,190],"class_list":["post-22850","post","type-post","status-publish","format-standard","has-post-thumbnail","hentry","category-destaques","category-lazer","category-noticias2","category-politica","category-regiao","category-saude","category-tucano","tag-cancelamento","tag-coronavirus","tag-covid-19","tag-festa-junina","tag-saude","tag-tucano"],"aioseo_notices":[],"_links":{"self":[{"href":"https:\/\/www.portalalerta.com.br\/index.php\/wp-json\/wp\/v2\/posts\/22850","targetHints":{"allow":["GET"]}}],"collection":[{"href":"https:\/\/www.portalalerta.com.br\/index.php\/wp-json\/wp\/v2\/posts"}],"about":[{"href":"https:\/\/www.portalalerta.com.br\/index.php\/wp-json\/wp\/v2\/types\/post"}],"author":[{"embeddable":true,"href":"https:\/\/www.portalalerta.com.br\/index.php\/wp-json\/wp\/v2\/users\/2"}],"replies":[{"embeddable":true,"href":"https:\/\/www.portalalerta.com.br\/index.php\/wp-json\/wp\/v2\/comments?post=22850"}],"version-history":[{"count":1,"href":"https:\/\/www.portalalerta.com.br\/index.php\/wp-json\/wp\/v2\/posts\/22850\/revisions"}],"predecessor-version":[{"id":22851,"href":"https:\/\/www.portalalerta.com.br\/index.php\/wp-json\/wp\/v2\/posts\/22850\/revisions\/22851"}],"wp:featuredmedia":[{"embeddable":true,"href":"https:\/\/www.portalalerta.com.br\/index.php\/wp-json\/wp\/v2\/media\/14155"}],"wp:attachment":[{"href":"https:\/\/www.portalalerta.com.br\/index.php\/wp-json\/wp\/v2\/media?parent=22850"}],"wp:term":[{"taxonomy":"category","embeddable":true,"href":"https:\/\/www.portalalerta.com.br\/index.php\/wp-json\/wp\/v2\/categories?post=22850"},{"taxonomy":"post_tag","embeddable":true,"href":"https:\/\/www.portalalerta.com.br\/index.php\/wp-json\/wp\/v2\/tags?post=22850"}],"curies":[{"name":"wp","href":"https:\/\/api.w.org\/{rel}","templated":true}]}}