{"id":22909,"date":"2020-04-01T17:54:11","date_gmt":"2020-04-01T20:54:11","guid":{"rendered":"https:\/\/www.portalalerta.com.br\/?p=22909"},"modified":"2020-04-01T17:54:11","modified_gmt":"2020-04-01T20:54:11","slug":"autonomos-que-contribuem-para-o-inss-serao-os-terceiros-a-receber-o-coronavoucher","status":"publish","type":"post","link":"https:\/\/www.portalalerta.com.br\/index.php\/2020\/04\/01\/autonomos-que-contribuem-para-o-inss-serao-os-terceiros-a-receber-o-coronavoucher\/","title":{"rendered":"Aut\u00f4nomos que contribuem para o INSS ser\u00e3o os terceiros a receber o &#8216;coronavoucher&#8217;"},"content":{"rendered":"<p style=\"text-align: justify;\">O ministro da Cidadania, Onyx Lorenzoni, disse que o cronograma de pagamento do coronavoucher come\u00e7ar\u00e1 com as fam\u00edlias que hoje recebem o Bolsa Fam\u00edlia, que poder\u00e3o optar pelo valor mais vantajoso. Depois, o governo pagar\u00e1 os trabalhadores informais do Cad\u00danico, que agrega os benefici\u00e1rios de programas sociais. Na sequ\u00eancia, ser\u00e1 a vez de microempreendedores individuais (MEI) e aut\u00f4nomos, que contribuem para o INSS. Por fim, os informais fora do Cad\u00danico ser\u00e3o beneficiados.<!--more--><\/p>\n<p style=\"text-align: justify;\"><img fetchpriority=\"high\" decoding=\"async\" class=\"size-thumbnail wp-image-9394 alignleft\" src=\"https:\/\/www.portalalerta.com.br\/wp-content\/uploads\/2018\/07\/05elab-320x240.jpg\" alt=\"\" width=\"320\" height=\"240\" srcset=\"https:\/\/www.portalalerta.com.br\/wp-content\/uploads\/2018\/07\/05elab-320x240.jpg 320w, https:\/\/www.portalalerta.com.br\/wp-content\/uploads\/2018\/07\/05elab-195x146.jpg 195w, https:\/\/www.portalalerta.com.br\/wp-content\/uploads\/2018\/07\/05elab-50x38.jpg 50w, https:\/\/www.portalalerta.com.br\/wp-content\/uploads\/2018\/07\/05elab-100x75.jpg 100w, https:\/\/www.portalalerta.com.br\/wp-content\/uploads\/2018\/07\/05elab.jpg 400w\" sizes=\"(max-width: 320px) 100vw, 320px\" \/>A ajuda do governo para que trabalhadores sem carteira atravessem a crise do coronav\u00edrus chegar\u00e1 mais tarde aos que hoje n\u00e3o recebem nenhum tipo de assist\u00eancia social. Informais que n\u00e3o est\u00e3o no chamado Cadastro \u00danico (Cad\u00danico) devem come\u00e7ar a receber o aux\u00edlio de R$ 600 s\u00f3 ap\u00f3s a segunda quinzena de abril. Embora seja considerado o grupo mais vulner\u00e1vel, essa parcela da popula\u00e7\u00e3o ter\u00e1 dificuldade em colocar as m\u00e3os no dinheiro, por estar fora dos bancos de dados.<\/p>\n<p style=\"text-align: justify;\">Segundo fontes, informais fora do cadastro s\u00f3 v\u00e3o receber o dinheiro depois que o Minist\u00e9rio da Cidadania validar a autodeclara\u00e7\u00e3o de renda que o interessado ter\u00e1 que fazer.O aux\u00edlio emergencial aos informais foi aprovado segunda-feira pelo Congresso. O presidente da C\u00e2mara, Rodrigo Maia (DEM-RJ), cobrou agilidade.<\/p>\n<p style=\"text-align: justify;\">\u2014 Se \u00e9 um apoio emergencial, 16 de abril n\u00e3o parece t\u00e3o emergencial para os brasileiros que est\u00e3o precisando est\u00e3o precisando dos recursos \u2014 disse Maia.<\/p>\n<p style=\"text-align: justify;\">O ministro da Economia, Paulo Guedes, se queixou da press\u00e3o para que as medidas sejam liberadas rapidamente. Segundo Guedes, o governo enfrentava at\u00e9 ontem um problema para indicar as fontes de recursos necess\u00e1rias para pagar o aux\u00edlio, que ter\u00e1 impacto de cerca de R$ 80 bilh\u00f5es. Ele afirmou que ser\u00e1 necess\u00e1rio aprovar uma proposta de emenda \u00e0 Constitui\u00e7\u00e3o (PEC) para viabilizar o processo.<\/p>\n<p style=\"text-align: justify;\">Athayde Motta, da diretoria executiva da Associa\u00e7\u00e3o Brasileira de ONGs, sugere que o governo busque dados com aplicativos de transporte, como Uber, entre outras fontes, para acelerar o processo.<\/p>\n<p style=\"text-align: justify;\"><em>Fonte: Yahoo Not\u00edcias<\/em><\/p>\n","protected":false},"excerpt":{"rendered":"<p>O ministro da Cidadania, Onyx Lorenzoni, disse que o cronograma de pagamento do coronavoucher come\u00e7ar\u00e1 com as fam\u00edlias que hoje recebem o Bolsa Fam\u00edlia, que poder\u00e3o optar pelo valor mais vantajoso. Depois, o governo pagar\u00e1 os trabalhadores informais do Cad\u00danico, que agrega os benefici\u00e1rios de programas sociais. Na sequ\u00eancia, ser\u00e1 a vez de microempreendedores individuais &hellip;<\/p>\n","protected":false},"author":2,"featured_media":11891,"comment_status":"open","ping_status":"open","sticky":false,"template":"","format":"standard","meta":{"om_disable_all_campaigns":false,"_monsterinsights_skip_tracking":false,"_monsterinsights_sitenote_active":false,"_monsterinsights_sitenote_note":"","_monsterinsights_sitenote_category":0,"footnotes":""},"categories":[34,70,69,21,19],"tags":[93,3429,3486,1963,2166,3539,1804,61,3540],"class_list":["post-22909","post","type-post","status-publish","format-standard","has-post-thumbnail","hentry","category-brasil","category-destaques","category-noticias2","category-politica","category-saude","tag-brasil","tag-coronavirus","tag-covid-19","tag-inss","tag-ministerio-da-cidadania","tag-ministro-da-cidadania","tag-onyx-lorenzoni","tag-saude","tag-trabalhadores-autonomos"],"aioseo_notices":[],"_links":{"self":[{"href":"https:\/\/www.portalalerta.com.br\/index.php\/wp-json\/wp\/v2\/posts\/22909","targetHints":{"allow":["GET"]}}],"collection":[{"href":"https:\/\/www.portalalerta.com.br\/index.php\/wp-json\/wp\/v2\/posts"}],"about":[{"href":"https:\/\/www.portalalerta.com.br\/index.php\/wp-json\/wp\/v2\/types\/post"}],"author":[{"embeddable":true,"href":"https:\/\/www.portalalerta.com.br\/index.php\/wp-json\/wp\/v2\/users\/2"}],"replies":[{"embeddable":true,"href":"https:\/\/www.portalalerta.com.br\/index.php\/wp-json\/wp\/v2\/comments?post=22909"}],"version-history":[{"count":1,"href":"https:\/\/www.portalalerta.com.br\/index.php\/wp-json\/wp\/v2\/posts\/22909\/revisions"}],"predecessor-version":[{"id":22910,"href":"https:\/\/www.portalalerta.com.br\/index.php\/wp-json\/wp\/v2\/posts\/22909\/revisions\/22910"}],"wp:featuredmedia":[{"embeddable":true,"href":"https:\/\/www.portalalerta.com.br\/index.php\/wp-json\/wp\/v2\/media\/11891"}],"wp:attachment":[{"href":"https:\/\/www.portalalerta.com.br\/index.php\/wp-json\/wp\/v2\/media?parent=22909"}],"wp:term":[{"taxonomy":"category","embeddable":true,"href":"https:\/\/www.portalalerta.com.br\/index.php\/wp-json\/wp\/v2\/categories?post=22909"},{"taxonomy":"post_tag","embeddable":true,"href":"https:\/\/www.portalalerta.com.br\/index.php\/wp-json\/wp\/v2\/tags?post=22909"}],"curies":[{"name":"wp","href":"https:\/\/api.w.org\/{rel}","templated":true}]}}