{"id":22914,"date":"2020-04-01T21:12:00","date_gmt":"2020-04-02T00:12:00","guid":{"rendered":"https:\/\/www.portalalerta.com.br\/?p=22914"},"modified":"2020-04-01T21:12:00","modified_gmt":"2020-04-02T00:12:00","slug":"veiculo-roubado-em-olindina-ba-e-recuperado-em-nova-soure-ba-apos-ser-rastreado-por-gps","status":"publish","type":"post","link":"https:\/\/www.portalalerta.com.br\/index.php\/2020\/04\/01\/veiculo-roubado-em-olindina-ba-e-recuperado-em-nova-soure-ba-apos-ser-rastreado-por-gps\/","title":{"rendered":"Ve\u00edculo roubado em Olindina-BA \u00e9 recuperado em Nova Soure-BA, ap\u00f3s ser rastreado por GPS"},"content":{"rendered":"<p style=\"text-align: justify;\">Por volta das 20:30hs da \u00faltima segunda-feira, 30, dois criminosos portando arma de fogo, a bordo de uma motocicleta de cor vermelha, demais dados n\u00e3o informados, roubaram um ve\u00edculo Renault Clio de cor vermelha, no povoado Nova Mina\u00e7\u00e3o, em Olindina-BA.<!--more--><\/p>\n<p style=\"text-align: justify;\">Por volta das 07:30hs de ter\u00e7a-feira, 31, policiais militares de Nova Soure-BA, foram informados de que sinais de um rastreador indicavam que o referido carro estaria no bairro Urbis, em Nova Soure-BA.<\/p>\n<p style=\"text-align: justify;\"><img fetchpriority=\"high\" decoding=\"async\" class=\"size-thumbnail wp-image-18400 aligncenter\" src=\"https:\/\/www.portalalerta.com.br\/wp-content\/uploads\/2019\/07\/Real-Estilo-e-Voc\u00ea-633x240.jpeg\" alt=\"\" width=\"633\" height=\"240\" srcset=\"https:\/\/www.portalalerta.com.br\/wp-content\/uploads\/2019\/07\/Real-Estilo-e-Voc\u00ea-633x240.jpeg 633w, https:\/\/www.portalalerta.com.br\/wp-content\/uploads\/2019\/07\/Real-Estilo-e-Voc\u00ea-260x99.jpeg 260w, https:\/\/www.portalalerta.com.br\/wp-content\/uploads\/2019\/07\/Real-Estilo-e-Voc\u00ea-50x19.jpeg 50w, https:\/\/www.portalalerta.com.br\/wp-content\/uploads\/2019\/07\/Real-Estilo-e-Voc\u00ea-150x57.jpeg 150w, https:\/\/www.portalalerta.com.br\/wp-content\/uploads\/2019\/07\/Real-Estilo-e-Voc\u00ea.jpeg 720w\" sizes=\"(max-width: 633px) 100vw, 633px\" \/>Os policiais seguiram para o local, onde encontraram o ve\u00edculo abandonado, nas proximidades da rua da Embasa. Tanto o propriet\u00e1rio do ve\u00edculo, quanto militares do Pelot\u00e3o de Emprego T\u00e1tico Operacional (PETO), da 6\u00aa CIPM- Rio Real-BA, se dirigiram at\u00e9 o local, onde buscaram o carro.<\/p>\n<p style=\"text-align: justify;\">Ningu\u00e9m foi preso na a\u00e7\u00e3o.<\/p>\n<p style=\"text-align: justify;\"><em>Reda\u00e7\u00e3o: Portal Alerta<\/em><\/p>\n<p style=\"text-align: justify;\"><strong><em>#fiqueemcasa<\/em><\/strong><\/p>\n","protected":false},"excerpt":{"rendered":"<p>Por volta das 20:30hs da \u00faltima segunda-feira, 30, dois criminosos portando arma de fogo, a bordo de uma motocicleta de cor vermelha, demais dados n\u00e3o informados, roubaram um ve\u00edculo Renault Clio de cor vermelha, no povoado Nova Mina\u00e7\u00e3o, em Olindina-BA.<\/p>\n","protected":false},"author":2,"featured_media":22915,"comment_status":"open","ping_status":"open","sticky":false,"template":"","format":"standard","meta":{"om_disable_all_campaigns":false,"_monsterinsights_skip_tracking":false,"_monsterinsights_sitenote_active":false,"_monsterinsights_sitenote_note":"","_monsterinsights_sitenote_category":0,"footnotes":""},"categories":[70,69,14,15,32,22],"tags":[106,120,79,2760,200,102],"class_list":["post-22914","post","type-post","status-publish","format-standard","has-post-thumbnail","hentry","category-destaques","category-noticias2","category-nova-soure","category-olindina","category-regiao","category-seguranca","tag-nova-soure","tag-olindina","tag-policia-militar","tag-rastreador-veicular","tag-roubo-de-carro","tag-veiculo-recuperado"],"aioseo_notices":[],"_links":{"self":[{"href":"https:\/\/www.portalalerta.com.br\/index.php\/wp-json\/wp\/v2\/posts\/22914","targetHints":{"allow":["GET"]}}],"collection":[{"href":"https:\/\/www.portalalerta.com.br\/index.php\/wp-json\/wp\/v2\/posts"}],"about":[{"href":"https:\/\/www.portalalerta.com.br\/index.php\/wp-json\/wp\/v2\/types\/post"}],"author":[{"embeddable":true,"href":"https:\/\/www.portalalerta.com.br\/index.php\/wp-json\/wp\/v2\/users\/2"}],"replies":[{"embeddable":true,"href":"https:\/\/www.portalalerta.com.br\/index.php\/wp-json\/wp\/v2\/comments?post=22914"}],"version-history":[{"count":1,"href":"https:\/\/www.portalalerta.com.br\/index.php\/wp-json\/wp\/v2\/posts\/22914\/revisions"}],"predecessor-version":[{"id":22916,"href":"https:\/\/www.portalalerta.com.br\/index.php\/wp-json\/wp\/v2\/posts\/22914\/revisions\/22916"}],"wp:featuredmedia":[{"embeddable":true,"href":"https:\/\/www.portalalerta.com.br\/index.php\/wp-json\/wp\/v2\/media\/22915"}],"wp:attachment":[{"href":"https:\/\/www.portalalerta.com.br\/index.php\/wp-json\/wp\/v2\/media?parent=22914"}],"wp:term":[{"taxonomy":"category","embeddable":true,"href":"https:\/\/www.portalalerta.com.br\/index.php\/wp-json\/wp\/v2\/categories?post=22914"},{"taxonomy":"post_tag","embeddable":true,"href":"https:\/\/www.portalalerta.com.br\/index.php\/wp-json\/wp\/v2\/tags?post=22914"}],"curies":[{"name":"wp","href":"https:\/\/api.w.org\/{rel}","templated":true}]}}