{"id":22919,"date":"2020-04-01T21:26:53","date_gmt":"2020-04-02T00:26:53","guid":{"rendered":"https:\/\/www.portalalerta.com.br\/?p=22919"},"modified":"2020-04-01T21:26:53","modified_gmt":"2020-04-02T00:26:53","slug":"corpo-de-homem-e-encontrado-com-marcas-de-violencia-em-cicero-dantas-ba","status":"publish","type":"post","link":"https:\/\/www.portalalerta.com.br\/index.php\/2020\/04\/01\/corpo-de-homem-e-encontrado-com-marcas-de-violencia-em-cicero-dantas-ba\/","title":{"rendered":"Corpo de homem \u00e9 encontrado com marcas de viol\u00eancia,  em C\u00edcero Dantas-BA"},"content":{"rendered":"<p style=\"text-align: justify;\">Na manh\u00e3 desta quarta-feira, 1\u00ba, policiais civis e militares de C\u00edcero Dantas-BA, foram informados da exist\u00eancia de um corpo de um homem, encontrado sem os sinais vitais em estado de decomposi\u00e7\u00e3o num terreno nas proximidades da avenida ACM,centro da cidade.<!--more--><\/p>\n<p><img fetchpriority=\"high\" decoding=\"async\" class=\"size-thumbnail wp-image-22556 alignleft\" src=\"https:\/\/www.portalalerta.com.br\/wp-content\/uploads\/2020\/03\/auto-escola-nobre-f\u00e9rias-coletivas-2020-240x240.jpg\" alt=\"\" width=\"240\" height=\"240\" srcset=\"https:\/\/www.portalalerta.com.br\/wp-content\/uploads\/2020\/03\/auto-escola-nobre-f\u00e9rias-coletivas-2020-240x240.jpg 240w, https:\/\/www.portalalerta.com.br\/wp-content\/uploads\/2020\/03\/auto-escola-nobre-f\u00e9rias-coletivas-2020-146x146.jpg 146w, https:\/\/www.portalalerta.com.br\/wp-content\/uploads\/2020\/03\/auto-escola-nobre-f\u00e9rias-coletivas-2020-50x50.jpg 50w, https:\/\/www.portalalerta.com.br\/wp-content\/uploads\/2020\/03\/auto-escola-nobre-f\u00e9rias-coletivas-2020-75x75.jpg 75w, https:\/\/www.portalalerta.com.br\/wp-content\/uploads\/2020\/03\/auto-escola-nobre-f\u00e9rias-coletivas-2020-85x85.jpg 85w, https:\/\/www.portalalerta.com.br\/wp-content\/uploads\/2020\/03\/auto-escola-nobre-f\u00e9rias-coletivas-2020-80x80.jpg 80w, https:\/\/www.portalalerta.com.br\/wp-content\/uploads\/2020\/03\/auto-escola-nobre-f\u00e9rias-coletivas-2020.jpg 720w\" sizes=\"(max-width: 240px) 100vw, 240px\" \/>Os policiais se dirigiram at\u00e9 o local, onde constataram a veracidade do fato. A v\u00edtima foi identificada como Bruno\u00a0Santos da Silva Nunes, 29 anos, e tinha perfura\u00e7\u00f5es no corpo provocadas por disparos de arma de fogo. Bruno, estava desaparecido desde o dia 28 de mar\u00e7o.<\/p>\n<p>O caso foi informado para o Departamento de Pol\u00edcia T\u00e9cnica (DPT \u2013 Euclides da Cunha), para a realiza\u00e7\u00e3o da per\u00edcia bem como a remo\u00e7\u00e3o do corpo para ser autopsiado.<\/p>\n<p>Desta forma, sobe para quatro, o n\u00famero de homic\u00eddios registrados em C\u00edcero Dantas-BA, em 2020.<\/p>\n<figure id=\"attachment_22920\" aria-describedby=\"caption-attachment-22920\" style=\"width: 720px\" class=\"wp-caption aligncenter\"><img decoding=\"async\" class=\"wp-image-22920 size-full\" src=\"https:\/\/www.portalalerta.com.br\/wp-content\/uploads\/2020\/04\/homic\u00eddio-em-C\u00edcero-Dantas-2020.1.jpeg\" alt=\"\" width=\"720\" height=\"500\" srcset=\"https:\/\/www.portalalerta.com.br\/wp-content\/uploads\/2020\/04\/homic\u00eddio-em-C\u00edcero-Dantas-2020.1.jpeg 720w, https:\/\/www.portalalerta.com.br\/wp-content\/uploads\/2020\/04\/homic\u00eddio-em-C\u00edcero-Dantas-2020.1-346x240.jpeg 346w, https:\/\/www.portalalerta.com.br\/wp-content\/uploads\/2020\/04\/homic\u00eddio-em-C\u00edcero-Dantas-2020.1-210x146.jpeg 210w, https:\/\/www.portalalerta.com.br\/wp-content\/uploads\/2020\/04\/homic\u00eddio-em-C\u00edcero-Dantas-2020.1-50x35.jpeg 50w, https:\/\/www.portalalerta.com.br\/wp-content\/uploads\/2020\/04\/homic\u00eddio-em-C\u00edcero-Dantas-2020.1-108x75.jpeg 108w\" sizes=\"(max-width: 720px) 100vw, 720px\" \/><figcaption id=\"caption-attachment-22920\" class=\"wp-caption-text\">Bruno estava desaparecido desde o dia 28 de mar\u00e7o<\/figcaption><\/figure>\n<p style=\"text-align: justify;\"><em>Fonte: C\u00edcero Dantas Acontece<\/em><\/p>\n","protected":false},"excerpt":{"rendered":"<p>Na manh\u00e3 desta quarta-feira, 1\u00ba, policiais civis e militares de C\u00edcero Dantas-BA, foram informados da exist\u00eancia de um corpo de um homem, encontrado sem os sinais vitais em estado de decomposi\u00e7\u00e3o num terreno nas proximidades da avenida ACM,centro da cidade.<\/p>\n","protected":false},"author":2,"featured_media":18412,"comment_status":"open","ping_status":"open","sticky":false,"template":"","format":"standard","meta":{"om_disable_all_campaigns":false,"_monsterinsights_skip_tracking":false,"_monsterinsights_sitenote_active":false,"_monsterinsights_sitenote_note":"","_monsterinsights_sitenote_category":0,"footnotes":""},"categories":[4,70,69,32,22],"tags":[75,128,206,169],"class_list":["post-22919","post","type-post","status-publish","format-standard","has-post-thumbnail","hentry","category-cicero-dantas","category-destaques","category-noticias2","category-regiao","category-seguranca","tag-cicero-dantas","tag-disparo-de-arma-de-fogo","tag-homicidio","tag-morte"],"aioseo_notices":[],"_links":{"self":[{"href":"https:\/\/www.portalalerta.com.br\/index.php\/wp-json\/wp\/v2\/posts\/22919","targetHints":{"allow":["GET"]}}],"collection":[{"href":"https:\/\/www.portalalerta.com.br\/index.php\/wp-json\/wp\/v2\/posts"}],"about":[{"href":"https:\/\/www.portalalerta.com.br\/index.php\/wp-json\/wp\/v2\/types\/post"}],"author":[{"embeddable":true,"href":"https:\/\/www.portalalerta.com.br\/index.php\/wp-json\/wp\/v2\/users\/2"}],"replies":[{"embeddable":true,"href":"https:\/\/www.portalalerta.com.br\/index.php\/wp-json\/wp\/v2\/comments?post=22919"}],"version-history":[{"count":1,"href":"https:\/\/www.portalalerta.com.br\/index.php\/wp-json\/wp\/v2\/posts\/22919\/revisions"}],"predecessor-version":[{"id":22921,"href":"https:\/\/www.portalalerta.com.br\/index.php\/wp-json\/wp\/v2\/posts\/22919\/revisions\/22921"}],"wp:featuredmedia":[{"embeddable":true,"href":"https:\/\/www.portalalerta.com.br\/index.php\/wp-json\/wp\/v2\/media\/18412"}],"wp:attachment":[{"href":"https:\/\/www.portalalerta.com.br\/index.php\/wp-json\/wp\/v2\/media?parent=22919"}],"wp:term":[{"taxonomy":"category","embeddable":true,"href":"https:\/\/www.portalalerta.com.br\/index.php\/wp-json\/wp\/v2\/categories?post=22919"},{"taxonomy":"post_tag","embeddable":true,"href":"https:\/\/www.portalalerta.com.br\/index.php\/wp-json\/wp\/v2\/tags?post=22919"}],"curies":[{"name":"wp","href":"https:\/\/api.w.org\/{rel}","templated":true}]}}