{"id":22922,"date":"2020-04-01T21:35:36","date_gmt":"2020-04-02T00:35:36","guid":{"rendered":"https:\/\/www.portalalerta.com.br\/?p=22922"},"modified":"2020-04-01T21:35:36","modified_gmt":"2020-04-02T00:35:36","slug":"bahia-tem-246-casos-confirmados-de-covid-19-34-ja-foram-curados","status":"publish","type":"post","link":"https:\/\/www.portalalerta.com.br\/index.php\/2020\/04\/01\/bahia-tem-246-casos-confirmados-de-covid-19-34-ja-foram-curados\/","title":{"rendered":"Bahia tem 246 casos confirmados de Covid-19. 34 j\u00e1 foram curados!"},"content":{"rendered":"<p style=\"text-align: justify;\">A Bahia registra 246 casos confirmados do novo coronav\u00edrus (Covid-19), o que representa 3,8% do total de casos notificados. At\u00e9 o momento, 1763 casos foram descartados e houve dois \u00f3bitos, ambos de pessoas residentes em Salvador que apresentavam comorbidades associadas. Este n\u00famero contabiliza todos os registros de janeiro at\u00e9 as 17 horas desta quarta-feira (1\u00ba). Ao todo, 34 pessoas est\u00e3o curadas e 33 encontram-se internadas.<!--more--><\/p>\n<p style=\"text-align: justify;\"><img fetchpriority=\"high\" decoding=\"async\" class=\"aligncenter wp-image-22923\" src=\"https:\/\/www.portalalerta.com.br\/wp-content\/uploads\/2020\/04\/Boletim-Coronavirus-Bahia-01.04.2020.jpg\" alt=\"\" width=\"300\" height=\"439\" srcset=\"https:\/\/www.portalalerta.com.br\/wp-content\/uploads\/2020\/04\/Boletim-Coronavirus-Bahia-01.04.2020.jpg 205w, https:\/\/www.portalalerta.com.br\/wp-content\/uploads\/2020\/04\/Boletim-Coronavirus-Bahia-01.04.2020-164x240.jpg 164w, https:\/\/www.portalalerta.com.br\/wp-content\/uploads\/2020\/04\/Boletim-Coronavirus-Bahia-01.04.2020-100x146.jpg 100w, https:\/\/www.portalalerta.com.br\/wp-content\/uploads\/2020\/04\/Boletim-Coronavirus-Bahia-01.04.2020-34x50.jpg 34w, https:\/\/www.portalalerta.com.br\/wp-content\/uploads\/2020\/04\/Boletim-Coronavirus-Bahia-01.04.2020-51x75.jpg 51w\" sizes=\"(max-width: 300px) 100vw, 300px\" \/>Estes n\u00fameros representam notifica\u00e7\u00f5es oficiais compiladas pelo Centro de Informa\u00e7\u00f5es Estrat\u00e9gicas em Vigil\u00e2ncia em Sa\u00fade da Bahia (Cievs-BA), em conjunto com os Cievs municipais.<\/p>\n<p style=\"text-align: justify;\"><img decoding=\"async\" class=\"size-thumbnail wp-image-18400 aligncenter\" src=\"https:\/\/www.portalalerta.com.br\/wp-content\/uploads\/2019\/07\/Real-Estilo-e-Voc\u00ea-633x240.jpeg\" alt=\"\" width=\"633\" height=\"240\" srcset=\"https:\/\/www.portalalerta.com.br\/wp-content\/uploads\/2019\/07\/Real-Estilo-e-Voc\u00ea-633x240.jpeg 633w, https:\/\/www.portalalerta.com.br\/wp-content\/uploads\/2019\/07\/Real-Estilo-e-Voc\u00ea-260x99.jpeg 260w, https:\/\/www.portalalerta.com.br\/wp-content\/uploads\/2019\/07\/Real-Estilo-e-Voc\u00ea-50x19.jpeg 50w, https:\/\/www.portalalerta.com.br\/wp-content\/uploads\/2019\/07\/Real-Estilo-e-Voc\u00ea-150x57.jpeg 150w, https:\/\/www.portalalerta.com.br\/wp-content\/uploads\/2019\/07\/Real-Estilo-e-Voc\u00ea.jpeg 720w\" sizes=\"(max-width: 633px) 100vw, 633px\" \/>Dentre os casos confirmados, 52,03% s\u00e3o do sexo masculino e 47,97% do sexo feminino. O coeficiente de incid\u00eancia por 100.000 habitantes foi maior na faixa de 70 a 79 anos (3,44), indicando o maior risco de adoecer entre os idosos.<\/p>\n<p style=\"text-align: justify;\">Diferente do que foi divulgado no boletim anterior, o munic\u00edpio de Catu n\u00e3o possui casos confirmados de Covid-19. Ressaltamos que os n\u00fameros s\u00e3o din\u00e2micos e, na medida em que as investiga\u00e7\u00f5es cl\u00ednicas e epidemiol\u00f3gicas avan\u00e7am, os casos s\u00e3o reavaliados, sendo pass\u00edveis de reenquadramento na sua classifica\u00e7\u00e3o. Outras informa\u00e7\u00f5es em\u00a0<strong><a href=\"http:\/\/www.saude.ba.gov.br\/coronavirus\">saude.ba.gov.br\/coronavirus<\/a><\/strong>.<\/p>\n<p style=\"text-align: justify;\">Para acessar o boletim completo,\u00a0<strong><a href=\"http:\/\/www.saude.ba.gov.br\/wp-content\/uploads\/2020\/04\/boletimEpidemiogicoCovid-19_n%C2%BA06.pdf\">clique aqui<\/a><\/strong>.<\/p>\n<p style=\"text-align: justify;\"><em>Fonte: SECOM\/ Bahia<\/em><\/p>\n","protected":false},"excerpt":{"rendered":"<p>A Bahia registra 246 casos confirmados do novo coronav\u00edrus (Covid-19), o que representa 3,8% do total de casos notificados. At\u00e9 o momento, 1763 casos foram descartados e houve dois \u00f3bitos, ambos de pessoas residentes em Salvador que apresentavam comorbidades associadas. Este n\u00famero contabiliza todos os registros de janeiro at\u00e9 as 17 horas desta quarta-feira (1\u00ba). &hellip;<\/p>\n","protected":false},"author":2,"featured_media":22081,"comment_status":"open","ping_status":"open","sticky":false,"template":"","format":"standard","meta":{"om_disable_all_campaigns":false,"_monsterinsights_skip_tracking":false,"_monsterinsights_sitenote_active":false,"_monsterinsights_sitenote_note":"","_monsterinsights_sitenote_category":0,"footnotes":""},"categories":[33,70,69,19],"tags":[54,3429,3486,61,433],"class_list":["post-22922","post","type-post","status-publish","format-standard","has-post-thumbnail","hentry","category-bahia","category-destaques","category-noticias2","category-saude","tag-bahia","tag-coronavirus","tag-covid-19","tag-saude","tag-secretaria-de-saude"],"aioseo_notices":[],"_links":{"self":[{"href":"https:\/\/www.portalalerta.com.br\/index.php\/wp-json\/wp\/v2\/posts\/22922","targetHints":{"allow":["GET"]}}],"collection":[{"href":"https:\/\/www.portalalerta.com.br\/index.php\/wp-json\/wp\/v2\/posts"}],"about":[{"href":"https:\/\/www.portalalerta.com.br\/index.php\/wp-json\/wp\/v2\/types\/post"}],"author":[{"embeddable":true,"href":"https:\/\/www.portalalerta.com.br\/index.php\/wp-json\/wp\/v2\/users\/2"}],"replies":[{"embeddable":true,"href":"https:\/\/www.portalalerta.com.br\/index.php\/wp-json\/wp\/v2\/comments?post=22922"}],"version-history":[{"count":1,"href":"https:\/\/www.portalalerta.com.br\/index.php\/wp-json\/wp\/v2\/posts\/22922\/revisions"}],"predecessor-version":[{"id":22924,"href":"https:\/\/www.portalalerta.com.br\/index.php\/wp-json\/wp\/v2\/posts\/22922\/revisions\/22924"}],"wp:featuredmedia":[{"embeddable":true,"href":"https:\/\/www.portalalerta.com.br\/index.php\/wp-json\/wp\/v2\/media\/22081"}],"wp:attachment":[{"href":"https:\/\/www.portalalerta.com.br\/index.php\/wp-json\/wp\/v2\/media?parent=22922"}],"wp:term":[{"taxonomy":"category","embeddable":true,"href":"https:\/\/www.portalalerta.com.br\/index.php\/wp-json\/wp\/v2\/categories?post=22922"},{"taxonomy":"post_tag","embeddable":true,"href":"https:\/\/www.portalalerta.com.br\/index.php\/wp-json\/wp\/v2\/tags?post=22922"}],"curies":[{"name":"wp","href":"https:\/\/api.w.org\/{rel}","templated":true}]}}