{"id":22925,"date":"2020-04-01T21:41:01","date_gmt":"2020-04-02T00:41:01","guid":{"rendered":"https:\/\/www.portalalerta.com.br\/?p=22925"},"modified":"2020-04-01T21:41:01","modified_gmt":"2020-04-02T00:41:01","slug":"prefeitura-de-ribeira-do-pombal-ba-divulga-decreto-com-liberacao-de-feira-livre-na-cidade-com-restricoes","status":"publish","type":"post","link":"https:\/\/www.portalalerta.com.br\/index.php\/2020\/04\/01\/prefeitura-de-ribeira-do-pombal-ba-divulga-decreto-com-liberacao-de-feira-livre-na-cidade-com-restricoes\/","title":{"rendered":"Prefeitura de Ribeira do Pombal-BA divulga decreto com libera\u00e7\u00e3o de feira livre na cidade, com restri\u00e7\u00f5es"},"content":{"rendered":"<p style=\"text-align: justify;\">O prefeito de Ribeira do Pombal-BA, Ricardo Maia, divulgou nesta quarta-feira, 1\u00ba, o Decreto n\u00ba 26, em que autoriza o funcionamento da feira livre nos dias 02 e 03, e da feira de animais, no dia 03 do corrente m\u00eas.<!--more--><\/p>\n<p style=\"text-align: justify;\">O decreto prev\u00ea algumas restri\u00e7\u00f5es para a realiza\u00e7\u00e3o das feiras, que dever\u00e3o contar apenas com a presen\u00e7a de comerciantes e barraqueiros que sejam moradores do munic\u00edpio. Ser\u00e1 permitida a presen\u00e7a de comerciantes de outras cidades apenas em caso de fornecimento de produtos para os barraqueiros pombalenses.<\/p>\n<p style=\"text-align: justify;\"><img fetchpriority=\"high\" decoding=\"async\" class=\"size-full wp-image-2902 alignleft\" src=\"https:\/\/www.portalalerta.com.br\/wp-content\/uploads\/2017\/11\/elab-2.jpg\" alt=\"\" width=\"310\" height=\"200\" srcset=\"https:\/\/www.portalalerta.com.br\/wp-content\/uploads\/2017\/11\/elab-2.jpg 310w, https:\/\/www.portalalerta.com.br\/wp-content\/uploads\/2017\/11\/elab-2-226x146.jpg 226w, https:\/\/www.portalalerta.com.br\/wp-content\/uploads\/2017\/11\/elab-2-50x32.jpg 50w, https:\/\/www.portalalerta.com.br\/wp-content\/uploads\/2017\/11\/elab-2-116x75.jpg 116w\" sizes=\"(max-width: 310px) 100vw, 310px\" \/>Al\u00e9m disso, alguns cuidados devem ser adotados pelos feirantes, entre eles: espa\u00e7amento m\u00ednimo de dois metros entre as barracas; espa\u00e7amento m\u00ednimo de um metro e meio entre os clientes; proibida a forma\u00e7\u00e3o de filas; higieniza\u00e7\u00e3o das m\u00e3os com \u00e1gua e sab\u00e3o e\/ou \u00e1lcool em gel 70\u00ba, por parte dos vendedores; atender apenas uma pessoa por fam\u00edlia; e restringir atendimento a idosos e crian\u00e7as.<\/p>\n<p style=\"text-align: justify;\">O descumprimento do Decreto, poder\u00e1 acarretar em multa, apreens\u00e3o dos produtos, e at\u00e9 a cassa\u00e7\u00e3o da permiss\u00e3o de funcionamento. <a href=\"http:\/\/doem.org.br\/ba\/ribeiradopombal\/diarios\/previsualizar\/JDNoxzay?filename=DOE-ba_ribeiradopombal-ed.1.214-ano.8.pdf&amp;_cb=20200401161404\"><strong>Veja o Decreto aqui!<\/strong><\/a><\/p>\n<p style=\"text-align: justify;\">Antes do Decreto n\u00ba 26, a feira-livre de Ribeira do Pombal-BA foi suspensa por duas semanas consecutivas, como medida preventiva ao Covid-19 (Coronav\u00edrus).<\/p>\n<p style=\"text-align: justify;\"><em>Reda\u00e7\u00e3o: Portal Alerta<\/em><\/p>\n<p style=\"text-align: justify;\"><em><strong>#fiqueemcasa<\/strong><\/em><\/p>\n","protected":false},"excerpt":{"rendered":"<p>O prefeito de Ribeira do Pombal-BA, Ricardo Maia, divulgou nesta quarta-feira, 1\u00ba, o Decreto n\u00ba 26, em que autoriza o funcionamento da feira livre nos dias 02 e 03, e da feira de animais, no dia 03 do corrente m\u00eas.<\/p>\n","protected":false},"author":2,"featured_media":22458,"comment_status":"open","ping_status":"open","sticky":false,"template":"","format":"standard","meta":{"om_disable_all_campaigns":false,"_monsterinsights_skip_tracking":false,"_monsterinsights_sitenote_active":false,"_monsterinsights_sitenote_note":"","_monsterinsights_sitenote_category":0,"footnotes":""},"categories":[70,69,32,3,19],"tags":[3429,3486,2991,1308,198,145,47,146,61],"class_list":["post-22925","post","type-post","status-publish","format-standard","has-post-thumbnail","hentry","category-destaques","category-noticias2","category-regiao","category-ribeira-do-pombal","category-saude","tag-coronavirus","tag-covid-19","tag-decreto-municipal","tag-feira-livre","tag-prefeito","tag-prefeitura","tag-ribeira-do-pombal","tag-ricardo-maia","tag-saude"],"aioseo_notices":[],"_links":{"self":[{"href":"https:\/\/www.portalalerta.com.br\/index.php\/wp-json\/wp\/v2\/posts\/22925","targetHints":{"allow":["GET"]}}],"collection":[{"href":"https:\/\/www.portalalerta.com.br\/index.php\/wp-json\/wp\/v2\/posts"}],"about":[{"href":"https:\/\/www.portalalerta.com.br\/index.php\/wp-json\/wp\/v2\/types\/post"}],"author":[{"embeddable":true,"href":"https:\/\/www.portalalerta.com.br\/index.php\/wp-json\/wp\/v2\/users\/2"}],"replies":[{"embeddable":true,"href":"https:\/\/www.portalalerta.com.br\/index.php\/wp-json\/wp\/v2\/comments?post=22925"}],"version-history":[{"count":1,"href":"https:\/\/www.portalalerta.com.br\/index.php\/wp-json\/wp\/v2\/posts\/22925\/revisions"}],"predecessor-version":[{"id":22926,"href":"https:\/\/www.portalalerta.com.br\/index.php\/wp-json\/wp\/v2\/posts\/22925\/revisions\/22926"}],"wp:featuredmedia":[{"embeddable":true,"href":"https:\/\/www.portalalerta.com.br\/index.php\/wp-json\/wp\/v2\/media\/22458"}],"wp:attachment":[{"href":"https:\/\/www.portalalerta.com.br\/index.php\/wp-json\/wp\/v2\/media?parent=22925"}],"wp:term":[{"taxonomy":"category","embeddable":true,"href":"https:\/\/www.portalalerta.com.br\/index.php\/wp-json\/wp\/v2\/categories?post=22925"},{"taxonomy":"post_tag","embeddable":true,"href":"https:\/\/www.portalalerta.com.br\/index.php\/wp-json\/wp\/v2\/tags?post=22925"}],"curies":[{"name":"wp","href":"https:\/\/api.w.org\/{rel}","templated":true}]}}