{"id":23016,"date":"2020-04-05T12:19:49","date_gmt":"2020-04-05T15:19:49","guid":{"rendered":"https:\/\/www.portalalerta.com.br\/?p=23016"},"modified":"2020-04-05T12:19:49","modified_gmt":"2020-04-05T15:19:49","slug":"governo-volta-atras-e-diz-que-coronavirus-nao-chegou-ao-brasil-em-janeiro","status":"publish","type":"post","link":"https:\/\/www.portalalerta.com.br\/index.php\/2020\/04\/05\/governo-volta-atras-e-diz-que-coronavirus-nao-chegou-ao-brasil-em-janeiro\/","title":{"rendered":"Governo volta atr\u00e1s e diz que coronav\u00edrus n\u00e3o chegou ao Brasil em janeiro"},"content":{"rendered":"<p style=\"text-align: justify;\">O Minist\u00e9rio da Sa\u00fade voltou atr\u00e1s e informou na \u00faltima sexta-feira, 03 que o primeiro caso de coronav\u00edrus no Brasil n\u00e3o chegou ao Brasil em janeiro. De acordo a pasta, houve um erro no preenchimento dos dados pela Secretaria de Sa\u00fade de Minas Gerais e o caso em quest\u00e3o ocorreu em 25 de mar\u00e7o e n\u00e3o em 23 de janeiro.<!--more--><\/p>\n<p style=\"text-align: justify;\"><img fetchpriority=\"high\" decoding=\"async\" class=\"size-thumbnail wp-image-18400 aligncenter\" src=\"https:\/\/www.portalalerta.com.br\/wp-content\/uploads\/2019\/07\/Real-Estilo-e-Voc\u00ea-633x240.jpeg\" alt=\"\" width=\"633\" height=\"240\" srcset=\"https:\/\/www.portalalerta.com.br\/wp-content\/uploads\/2019\/07\/Real-Estilo-e-Voc\u00ea-633x240.jpeg 633w, https:\/\/www.portalalerta.com.br\/wp-content\/uploads\/2019\/07\/Real-Estilo-e-Voc\u00ea-260x99.jpeg 260w, https:\/\/www.portalalerta.com.br\/wp-content\/uploads\/2019\/07\/Real-Estilo-e-Voc\u00ea-50x19.jpeg 50w, https:\/\/www.portalalerta.com.br\/wp-content\/uploads\/2019\/07\/Real-Estilo-e-Voc\u00ea-150x57.jpeg 150w, https:\/\/www.portalalerta.com.br\/wp-content\/uploads\/2019\/07\/Real-Estilo-e-Voc\u00ea.jpeg 720w\" sizes=\"(max-width: 633px) 100vw, 633px\" \/>\u201cO Minist\u00e9rio da Sa\u00fade foi comunicado pela Secretaria Estadual de Sa\u00fade de Minas Gerais (SES-MG) nesta sexta-feira (3) sobre a conclus\u00e3o de investiga\u00e7\u00e3o do poss\u00edvel primeiro caso de Covid-19 no Brasil. A informa\u00e7\u00e3o de in\u00edcio dos sintomas foi alterada de 23\/1\/2020 para 25\/3\/2020. Os dados no sistema de notifica\u00e7\u00e3o est\u00e3o sendo atualizados\u201d, disse o Minist\u00e9rio, em nota.<\/p>\n<p style=\"text-align: justify;\"><em>Fonte: Metro1<\/em><\/p>\n","protected":false},"excerpt":{"rendered":"<p>O Minist\u00e9rio da Sa\u00fade voltou atr\u00e1s e informou na \u00faltima sexta-feira, 03 que o primeiro caso de coronav\u00edrus no Brasil n\u00e3o chegou ao Brasil em janeiro. De acordo a pasta, houve um erro no preenchimento dos dados pela Secretaria de Sa\u00fade de Minas Gerais e o caso em quest\u00e3o ocorreu em 25 de mar\u00e7o e &hellip;<\/p>\n","protected":false},"author":2,"featured_media":21876,"comment_status":"open","ping_status":"open","sticky":false,"template":"","format":"standard","meta":{"om_disable_all_campaigns":false,"_monsterinsights_skip_tracking":false,"_monsterinsights_sitenote_active":false,"_monsterinsights_sitenote_note":"","_monsterinsights_sitenote_category":0,"footnotes":""},"categories":[34,70,69,21,19],"tags":[93,3429,3486,357,635,61],"class_list":["post-23016","post","type-post","status-publish","format-standard","has-post-thumbnail","hentry","category-brasil","category-destaques","category-noticias2","category-politica","category-saude","tag-brasil","tag-coronavirus","tag-covid-19","tag-minas-gerais","tag-ministerio-da-saude","tag-saude"],"aioseo_notices":[],"_links":{"self":[{"href":"https:\/\/www.portalalerta.com.br\/index.php\/wp-json\/wp\/v2\/posts\/23016","targetHints":{"allow":["GET"]}}],"collection":[{"href":"https:\/\/www.portalalerta.com.br\/index.php\/wp-json\/wp\/v2\/posts"}],"about":[{"href":"https:\/\/www.portalalerta.com.br\/index.php\/wp-json\/wp\/v2\/types\/post"}],"author":[{"embeddable":true,"href":"https:\/\/www.portalalerta.com.br\/index.php\/wp-json\/wp\/v2\/users\/2"}],"replies":[{"embeddable":true,"href":"https:\/\/www.portalalerta.com.br\/index.php\/wp-json\/wp\/v2\/comments?post=23016"}],"version-history":[{"count":1,"href":"https:\/\/www.portalalerta.com.br\/index.php\/wp-json\/wp\/v2\/posts\/23016\/revisions"}],"predecessor-version":[{"id":23017,"href":"https:\/\/www.portalalerta.com.br\/index.php\/wp-json\/wp\/v2\/posts\/23016\/revisions\/23017"}],"wp:featuredmedia":[{"embeddable":true,"href":"https:\/\/www.portalalerta.com.br\/index.php\/wp-json\/wp\/v2\/media\/21876"}],"wp:attachment":[{"href":"https:\/\/www.portalalerta.com.br\/index.php\/wp-json\/wp\/v2\/media?parent=23016"}],"wp:term":[{"taxonomy":"category","embeddable":true,"href":"https:\/\/www.portalalerta.com.br\/index.php\/wp-json\/wp\/v2\/categories?post=23016"},{"taxonomy":"post_tag","embeddable":true,"href":"https:\/\/www.portalalerta.com.br\/index.php\/wp-json\/wp\/v2\/tags?post=23016"}],"curies":[{"name":"wp","href":"https:\/\/api.w.org\/{rel}","templated":true}]}}