{"id":23018,"date":"2020-04-05T12:30:29","date_gmt":"2020-04-05T15:30:29","guid":{"rendered":"https:\/\/www.portalalerta.com.br\/?p=23018"},"modified":"2020-04-05T12:30:29","modified_gmt":"2020-04-05T15:30:29","slug":"prefeito-de-adustina-ba-confirma-o-primeiro-caso-de-coronavirus-no-municipio","status":"publish","type":"post","link":"https:\/\/www.portalalerta.com.br\/index.php\/2020\/04\/05\/prefeito-de-adustina-ba-confirma-o-primeiro-caso-de-coronavirus-no-municipio\/","title":{"rendered":"Prefeito de Adustina-BA confirma o primeiro caso de Coronav\u00edrus no munic\u00edpio"},"content":{"rendered":"<p style=\"text-align: justify;\">Em v\u00eddeo divulgado na tarde de s\u00e1bado, 04, o prefeito de Adustina, Paulo Sergio Oliveira dos Santos (Paulo Sergio), em companhia do Secret\u00e1rio de Sa\u00fade, Eug\u00eanio Santana Carvalho, e da coordenadora de sa\u00fade de Adustina, Josefa Edna Santos Fraga, divulgou em sua p\u00e1gina no Instagram, um v\u00eddeo sobre a confirma\u00e7\u00e3o do primeiro caso de Covid-19 (Coronav\u00edrus), no munic\u00edpio.<!--more--><\/p>\n<p><img fetchpriority=\"high\" decoding=\"async\" class=\"size-thumbnail wp-image-9394 alignleft\" src=\"https:\/\/www.portalalerta.com.br\/wp-content\/uploads\/2018\/07\/05elab-320x240.jpg\" alt=\"\" width=\"320\" height=\"240\" srcset=\"https:\/\/www.portalalerta.com.br\/wp-content\/uploads\/2018\/07\/05elab-320x240.jpg 320w, https:\/\/www.portalalerta.com.br\/wp-content\/uploads\/2018\/07\/05elab-195x146.jpg 195w, https:\/\/www.portalalerta.com.br\/wp-content\/uploads\/2018\/07\/05elab-50x38.jpg 50w, https:\/\/www.portalalerta.com.br\/wp-content\/uploads\/2018\/07\/05elab-100x75.jpg 100w, https:\/\/www.portalalerta.com.br\/wp-content\/uploads\/2018\/07\/05elab.jpg 400w\" sizes=\"(max-width: 320px) 100vw, 320px\" \/>O paciente \u00e9 um jovem de 26 anos de idade, recentemente vindo do estado de S\u00e3o Paulo h\u00e1 cerca de 15 dias, e teve contato com algumas pessoas em Adustina e Paripiranga. O referido paciente encontra-se internado no Instituto Couto Maia, em Salvador, desde o dia 01.04.2020 e as condutas recomendadas pelo Minist\u00e9rio da Sa\u00fade e SESAB j\u00e1 foram adotadas pela Equipe do N\u00facleo e do munic\u00edpio para isolamento domiciliar e monitoramento das pessoas que tiveram contato com o caso confirmado.<\/p>\n<p>O secret\u00e1rio de Sa\u00fade do munic\u00edpio, Eug\u00eanio Santana, que tamb\u00e9m participou da live, <a href=\"https:\/\/www.portalalerta.com.br\/index.php\/2020\/04\/02\/paciente-de-adustina-ba-com-suspeita-de-covid-19-e-transferido-de-aviao-para-salvador\/\"><strong>afirmou que desde a \u00faltima ter\u00e7a (31), quando houve a transfer\u00eancia do paciente<\/strong><\/a>, o trabalho de monitoramento passou a ser realizado para familiares do jovem e pessoas que haviam revelado ter entrado em contato com ele.<\/p>\n<p>Ainda segundo o gestor, neste momento \u00e9 importante que todos os moradores do munic\u00edpio, fa\u00e7am a sua parte, evitando com que a epidemia se espalhe pela cidade.<\/p>\n<p>A prefeitura comunicou que a feira livre do munic\u00edpio de Adustina ficar\u00e1 suspensa e as aulas n\u00e3o tem previs\u00e3o para voltar ao normal, e orienta para as pessoas n\u00e3o fazerem caminhadas na pista no munic\u00edpio de Adustina-BA.<\/p>\n<p style=\"text-align: justify;\"><em>Fonte: C\u00edcero Dantas Acontece<\/em><\/p>\n","protected":false},"excerpt":{"rendered":"<p>Em v\u00eddeo divulgado na tarde de s\u00e1bado, 04, o prefeito de Adustina, Paulo Sergio Oliveira dos Santos (Paulo Sergio), em companhia do Secret\u00e1rio de Sa\u00fade, Eug\u00eanio Santana Carvalho, e da coordenadora de sa\u00fade de Adustina, Josefa Edna Santos Fraga, divulgou em sua p\u00e1gina no Instagram, um v\u00eddeo sobre a confirma\u00e7\u00e3o do primeiro caso de Covid-19 &hellip;<\/p>\n","protected":false},"author":2,"featured_media":23019,"comment_status":"open","ping_status":"open","sticky":false,"template":"","format":"standard","meta":{"om_disable_all_campaigns":false,"_monsterinsights_skip_tracking":false,"_monsterinsights_sitenote_active":false,"_monsterinsights_sitenote_note":"","_monsterinsights_sitenote_category":0,"footnotes":""},"categories":[40,70,69,32,19],"tags":[100,3429,3486,3546,198,61,433,3507],"class_list":["post-23018","post","type-post","status-publish","format-standard","has-post-thumbnail","hentry","category-adustina","category-destaques","category-noticias2","category-regiao","category-saude","tag-adustina","tag-coronavirus","tag-covid-19","tag-paulo-sergio","tag-prefeito","tag-saude","tag-secretaria-de-saude","tag-secretario-de-saude"],"aioseo_notices":[],"_links":{"self":[{"href":"https:\/\/www.portalalerta.com.br\/index.php\/wp-json\/wp\/v2\/posts\/23018","targetHints":{"allow":["GET"]}}],"collection":[{"href":"https:\/\/www.portalalerta.com.br\/index.php\/wp-json\/wp\/v2\/posts"}],"about":[{"href":"https:\/\/www.portalalerta.com.br\/index.php\/wp-json\/wp\/v2\/types\/post"}],"author":[{"embeddable":true,"href":"https:\/\/www.portalalerta.com.br\/index.php\/wp-json\/wp\/v2\/users\/2"}],"replies":[{"embeddable":true,"href":"https:\/\/www.portalalerta.com.br\/index.php\/wp-json\/wp\/v2\/comments?post=23018"}],"version-history":[{"count":1,"href":"https:\/\/www.portalalerta.com.br\/index.php\/wp-json\/wp\/v2\/posts\/23018\/revisions"}],"predecessor-version":[{"id":23020,"href":"https:\/\/www.portalalerta.com.br\/index.php\/wp-json\/wp\/v2\/posts\/23018\/revisions\/23020"}],"wp:featuredmedia":[{"embeddable":true,"href":"https:\/\/www.portalalerta.com.br\/index.php\/wp-json\/wp\/v2\/media\/23019"}],"wp:attachment":[{"href":"https:\/\/www.portalalerta.com.br\/index.php\/wp-json\/wp\/v2\/media?parent=23018"}],"wp:term":[{"taxonomy":"category","embeddable":true,"href":"https:\/\/www.portalalerta.com.br\/index.php\/wp-json\/wp\/v2\/categories?post=23018"},{"taxonomy":"post_tag","embeddable":true,"href":"https:\/\/www.portalalerta.com.br\/index.php\/wp-json\/wp\/v2\/tags?post=23018"}],"curies":[{"name":"wp","href":"https:\/\/api.w.org\/{rel}","templated":true}]}}