{"id":23028,"date":"2020-04-05T18:04:19","date_gmt":"2020-04-05T21:04:19","guid":{"rendered":"https:\/\/www.portalalerta.com.br\/?p=23028"},"modified":"2020-04-05T18:04:19","modified_gmt":"2020-04-05T21:04:19","slug":"governo-da-bahia-recomenda-que-todos-utilizem-mascara-ao-sair-de-casa","status":"publish","type":"post","link":"https:\/\/www.portalalerta.com.br\/index.php\/2020\/04\/05\/governo-da-bahia-recomenda-que-todos-utilizem-mascara-ao-sair-de-casa\/","title":{"rendered":"Governo da Bahia recomenda que todos utilizem m\u00e1scara ao sair de casa"},"content":{"rendered":"<p style=\"text-align: justify;\">O governador Rui Costa e o secret\u00e1rio estadual da Sa\u00fade, F\u00e1bio Vilas-Boas, destacaram a import\u00e2ncia do uso de m\u00e1scaras para sair de casa, como forma efetiva de preven\u00e7\u00e3o \u00e0 transmiss\u00e3o do novo coronav\u00edrus (Covid-19). Quem n\u00e3o encontrar o produto para comprar nas farm\u00e1cias ou casas especializadas pode confeccionar a pr\u00f3pria m\u00e1scara, em casa, seguindo as instru\u00e7\u00f5es presentes no site da Secretaria da Sa\u00fade do Estado.<!--more--><\/p>\n<p style=\"text-align: justify;\"><img fetchpriority=\"high\" decoding=\"async\" class=\"size-thumbnail wp-image-9394 alignleft\" src=\"https:\/\/www.portalalerta.com.br\/wp-content\/uploads\/2018\/07\/05elab-320x240.jpg\" alt=\"\" width=\"320\" height=\"240\" srcset=\"https:\/\/www.portalalerta.com.br\/wp-content\/uploads\/2018\/07\/05elab-320x240.jpg 320w, https:\/\/www.portalalerta.com.br\/wp-content\/uploads\/2018\/07\/05elab-195x146.jpg 195w, https:\/\/www.portalalerta.com.br\/wp-content\/uploads\/2018\/07\/05elab-50x38.jpg 50w, https:\/\/www.portalalerta.com.br\/wp-content\/uploads\/2018\/07\/05elab-100x75.jpg 100w, https:\/\/www.portalalerta.com.br\/wp-content\/uploads\/2018\/07\/05elab.jpg 400w\" sizes=\"(max-width: 320px) 100vw, 320px\" \/>No mesmo v\u00eddeo, est\u00e3o contidas informa\u00e7\u00f5es de seguran\u00e7a sobre a forma correta de se utilizar a m\u00e1scara artesanal. Segundo o governador Rui Costa, detentos de pres\u00eddios baianos j\u00e1 produziram mais de dez mil m\u00e1scaras, para serem distribu\u00eddas gratuitamente e utilizadas em servi\u00e7os essenciais, como a seguran\u00e7a p\u00fablica.<\/p>\n<p style=\"text-align: justify;\">\u201cFica a\u00ed a nossa sugest\u00e3o, o nosso pedido. Voc\u00eas que s\u00e3o empres\u00e1rios, comprem m\u00e1scaras e entreguem para todos os seus atendentes. Fica a\u00ed a recomenda\u00e7\u00e3o para todos os supermercados, grandes ou pequenos, que est\u00e3o abertos\u201d, disse Rui Costa. \u201cOs bancos, por exemplo, podem e devem disponibilizar m\u00e1scaras para todos que entrarem nos estabelecimentos. Fica tamb\u00e9m a nossa solicita\u00e7\u00e3o para as empresas p\u00fablicas e privadas, que tomem as medidas de seguran\u00e7a\u201d, sugeriu o governador.<\/p>\n<p style=\"text-align: justify;\">Rui destacou, ainda, que produzir as pr\u00f3prias m\u00e1scaras n\u00e3o \u00e9 dif\u00edcil, e as pessoas podem seguir as instru\u00e7\u00f5es presentes no site da Secretaria da Sa\u00fade. \u201cQuando eu estou falando aqui, \u00e0s vezes a gente n\u00e3o v\u00ea, mas a gente expele got\u00edculas de saliva que v\u00e3o a at\u00e9 dois metros de dist\u00e2ncia. Ent\u00e3o, se eu uso a m\u00e1scara, essa got\u00edcula j\u00e1 n\u00e3o sai e n\u00e3o contamina quem est\u00e1 na minha frente\u201d, explicou. Outra vantagem das m\u00e1scaras feitas em casa \u00e9 que podem ser reutilizadas. \u201cAp\u00f3s usar, tire a m\u00e1scara, coloque de molho com \u00e1gua e bastante sab\u00e3o, e lave bem as m\u00e3os\u201d, ressaltou Rui Costa.<\/p>\n<p style=\"text-align: justify;\">O secret\u00e1rio F\u00e1bio Vilas-Boas destacou que, nos hospitais, a fun\u00e7\u00e3o da m\u00e1scara \u00e9 proteger o campo cir\u00fargico. \u201cQuem est\u00e1 usando a m\u00e1scara est\u00e1 evitando emitir got\u00edculas e secre\u00e7\u00e3o respirat\u00f3ria no pr\u00f3ximo e, se o pr\u00f3ximo tamb\u00e9m estiver de m\u00e1scara, ele tamb\u00e9m est\u00e1 te protegendo\u201d. Tamb\u00e9m segundo Vilas-Boas, um bom exemplo s\u00e3o os transportes p\u00fablicos. \u201cSe voc\u00ea est\u00e1 de m\u00e1scara, no metr\u00f4, ou no \u00f4nibus, e outra pessoa tosse, voc\u00ea tem pelo menos 50% a mais de garantia, com o nariz e a boca protegidos. Quem usa lentes de contato, \u00e9 melhor optar por \u00f3culos, para proteger os olhos\u201d.<\/p>\n<p style=\"text-align: justify;\"><em>Fonte: Itapicuru Not\u00edcias<\/em><\/p>\n","protected":false},"excerpt":{"rendered":"<p>O governador Rui Costa e o secret\u00e1rio estadual da Sa\u00fade, F\u00e1bio Vilas-Boas, destacaram a import\u00e2ncia do uso de m\u00e1scaras para sair de casa, como forma efetiva de preven\u00e7\u00e3o \u00e0 transmiss\u00e3o do novo coronav\u00edrus (Covid-19). Quem n\u00e3o encontrar o produto para comprar nas farm\u00e1cias ou casas especializadas pode confeccionar a pr\u00f3pria m\u00e1scara, em casa, seguindo as &hellip;<\/p>\n","protected":false},"author":2,"featured_media":22776,"comment_status":"open","ping_status":"open","sticky":false,"template":"","format":"standard","meta":{"om_disable_all_campaigns":false,"_monsterinsights_skip_tracking":false,"_monsterinsights_sitenote_active":false,"_monsterinsights_sitenote_note":"","_monsterinsights_sitenote_category":0,"footnotes":""},"categories":[33,70,69,21,19],"tags":[54,3429,3486,3536,61,433,3507],"class_list":["post-23028","post","type-post","status-publish","format-standard","has-post-thumbnail","hentry","category-bahia","category-destaques","category-noticias2","category-politica","category-saude","tag-bahia","tag-coronavirus","tag-covid-19","tag-mascaras-de-protecao","tag-saude","tag-secretaria-de-saude","tag-secretario-de-saude"],"aioseo_notices":[],"_links":{"self":[{"href":"https:\/\/www.portalalerta.com.br\/index.php\/wp-json\/wp\/v2\/posts\/23028","targetHints":{"allow":["GET"]}}],"collection":[{"href":"https:\/\/www.portalalerta.com.br\/index.php\/wp-json\/wp\/v2\/posts"}],"about":[{"href":"https:\/\/www.portalalerta.com.br\/index.php\/wp-json\/wp\/v2\/types\/post"}],"author":[{"embeddable":true,"href":"https:\/\/www.portalalerta.com.br\/index.php\/wp-json\/wp\/v2\/users\/2"}],"replies":[{"embeddable":true,"href":"https:\/\/www.portalalerta.com.br\/index.php\/wp-json\/wp\/v2\/comments?post=23028"}],"version-history":[{"count":1,"href":"https:\/\/www.portalalerta.com.br\/index.php\/wp-json\/wp\/v2\/posts\/23028\/revisions"}],"predecessor-version":[{"id":23029,"href":"https:\/\/www.portalalerta.com.br\/index.php\/wp-json\/wp\/v2\/posts\/23028\/revisions\/23029"}],"wp:featuredmedia":[{"embeddable":true,"href":"https:\/\/www.portalalerta.com.br\/index.php\/wp-json\/wp\/v2\/media\/22776"}],"wp:attachment":[{"href":"https:\/\/www.portalalerta.com.br\/index.php\/wp-json\/wp\/v2\/media?parent=23028"}],"wp:term":[{"taxonomy":"category","embeddable":true,"href":"https:\/\/www.portalalerta.com.br\/index.php\/wp-json\/wp\/v2\/categories?post=23028"},{"taxonomy":"post_tag","embeddable":true,"href":"https:\/\/www.portalalerta.com.br\/index.php\/wp-json\/wp\/v2\/tags?post=23028"}],"curies":[{"name":"wp","href":"https:\/\/api.w.org\/{rel}","templated":true}]}}