{"id":23030,"date":"2020-04-05T18:05:05","date_gmt":"2020-04-05T21:05:05","guid":{"rendered":"https:\/\/www.portalalerta.com.br\/?p=23030"},"modified":"2020-04-05T18:05:05","modified_gmt":"2020-04-05T21:05:05","slug":"bahia-registra-nono-obito-pelo-novo-coronavirus-covid-19-63-das-401-pessoas-infectadas-foram-curadas","status":"publish","type":"post","link":"https:\/\/www.portalalerta.com.br\/index.php\/2020\/04\/05\/bahia-registra-nono-obito-pelo-novo-coronavirus-covid-19-63-das-401-pessoas-infectadas-foram-curadas\/","title":{"rendered":"Bahia registra nono \u00f3bito pelo novo coronav\u00edrus (Covid-19). 63 das 401 pessoas infectadas, foram curadas!"},"content":{"rendered":"<p style=\"text-align: justify;\">A Secretaria da Sa\u00fade do Estado da Bahia (Sesab) informou que registrou, neste domingo (5), o nono \u00f3bito pelo novo coronav\u00edrus (Covid-19) no estado. O paciente era um homem de 87 anos, que faleceu na \u00faltima sexta-feira (3) e cujo resultado laboratorial foi divulgado neste domingo. Ele tinha Alzheimer e foi internado em estado grave um hospital p\u00fablico na capital baiana em 3 de abril, com quadro de insufici\u00eancia respirat\u00f3ria. O paciente era residente de Salvador.<!--more--><\/p>\n<p style=\"text-align: justify;\"><img fetchpriority=\"high\" decoding=\"async\" class=\"size-thumbnail wp-image-22556 alignleft\" src=\"https:\/\/www.portalalerta.com.br\/wp-content\/uploads\/2020\/03\/auto-escola-nobre-f\u00e9rias-coletivas-2020-240x240.jpg\" alt=\"\" width=\"240\" height=\"240\" srcset=\"https:\/\/www.portalalerta.com.br\/wp-content\/uploads\/2020\/03\/auto-escola-nobre-f\u00e9rias-coletivas-2020-240x240.jpg 240w, https:\/\/www.portalalerta.com.br\/wp-content\/uploads\/2020\/03\/auto-escola-nobre-f\u00e9rias-coletivas-2020-146x146.jpg 146w, https:\/\/www.portalalerta.com.br\/wp-content\/uploads\/2020\/03\/auto-escola-nobre-f\u00e9rias-coletivas-2020-50x50.jpg 50w, https:\/\/www.portalalerta.com.br\/wp-content\/uploads\/2020\/03\/auto-escola-nobre-f\u00e9rias-coletivas-2020-75x75.jpg 75w, https:\/\/www.portalalerta.com.br\/wp-content\/uploads\/2020\/03\/auto-escola-nobre-f\u00e9rias-coletivas-2020-85x85.jpg 85w, https:\/\/www.portalalerta.com.br\/wp-content\/uploads\/2020\/03\/auto-escola-nobre-f\u00e9rias-coletivas-2020-80x80.jpg 80w, https:\/\/www.portalalerta.com.br\/wp-content\/uploads\/2020\/03\/auto-escola-nobre-f\u00e9rias-coletivas-2020.jpg 720w\" sizes=\"(max-width: 240px) 100vw, 240px\" \/>Al\u00e9m disso a SESAB informou que Estado registrou 401 casos confirmados do novo coronav\u00edrus (Covid-19). At\u00e9 o momento, 1914 casos foram descartados e dos nove \u00f3bitos, sete foram notificados em Salvador, um em Utinga e outro em Itapetinga. Este n\u00famero contabiliza todos os registros de janeiro at\u00e9 as 12 horas deste domingo (5). Ao todo, 63 pessoas est\u00e3o recuperadas e 27 encontram-se internadas, sendo 19 em UTI.<\/p>\n<p style=\"text-align: justify;\">Estes n\u00fameros representam notifica\u00e7\u00f5es oficiais compiladas pelo Centro de Informa\u00e7\u00f5es Estrat\u00e9gicas em Vigil\u00e2ncia em Sa\u00fade da Bahia (Cievs-BA), em conjunto com os Cievs municipais.<\/p>\n<p style=\"text-align: justify;\">Valer ressaltar que os n\u00fameros s\u00e3o din\u00e2micos e, na medida em que as investiga\u00e7\u00f5es cl\u00ednicas e epidemiol\u00f3gicas avan\u00e7am, os casos s\u00e3o reavaliados, sendo pass\u00edveis de reenquadramento na sua classifica\u00e7\u00e3o. Outras informa\u00e7\u00f5es em www.saude.ba.gov.br\/coronavirus.<\/p>\n<p style=\"text-align: justify;\">Um novo boletim com a descri\u00e7\u00e3o detalhada do local de ocorr\u00eancia dos casos ser\u00e1 publicado neste domingo (5), a partir das 17h.<\/p>\n<p style=\"text-align: justify;\"><em>Fonte: SECOM\/ Bahia<\/em><\/p>\n","protected":false},"excerpt":{"rendered":"<p>A Secretaria da Sa\u00fade do Estado da Bahia (Sesab) informou que registrou, neste domingo (5), o nono \u00f3bito pelo novo coronav\u00edrus (Covid-19) no estado. O paciente era um homem de 87 anos, que faleceu na \u00faltima sexta-feira (3) e cujo resultado laboratorial foi divulgado neste domingo. Ele tinha Alzheimer e foi internado em estado grave &hellip;<\/p>\n","protected":false},"author":2,"featured_media":22281,"comment_status":"open","ping_status":"open","sticky":false,"template":"","format":"standard","meta":{"om_disable_all_campaigns":false,"_monsterinsights_skip_tracking":false,"_monsterinsights_sitenote_active":false,"_monsterinsights_sitenote_note":"","_monsterinsights_sitenote_category":0,"footnotes":""},"categories":[33,70,69,19],"tags":[54,3429,3486,439,61,1024],"class_list":["post-23030","post","type-post","status-publish","format-standard","has-post-thumbnail","hentry","category-bahia","category-destaques","category-noticias2","category-saude","tag-bahia","tag-coronavirus","tag-covid-19","tag-mortes","tag-saude","tag-sesab"],"aioseo_notices":[],"_links":{"self":[{"href":"https:\/\/www.portalalerta.com.br\/index.php\/wp-json\/wp\/v2\/posts\/23030","targetHints":{"allow":["GET"]}}],"collection":[{"href":"https:\/\/www.portalalerta.com.br\/index.php\/wp-json\/wp\/v2\/posts"}],"about":[{"href":"https:\/\/www.portalalerta.com.br\/index.php\/wp-json\/wp\/v2\/types\/post"}],"author":[{"embeddable":true,"href":"https:\/\/www.portalalerta.com.br\/index.php\/wp-json\/wp\/v2\/users\/2"}],"replies":[{"embeddable":true,"href":"https:\/\/www.portalalerta.com.br\/index.php\/wp-json\/wp\/v2\/comments?post=23030"}],"version-history":[{"count":1,"href":"https:\/\/www.portalalerta.com.br\/index.php\/wp-json\/wp\/v2\/posts\/23030\/revisions"}],"predecessor-version":[{"id":23031,"href":"https:\/\/www.portalalerta.com.br\/index.php\/wp-json\/wp\/v2\/posts\/23030\/revisions\/23031"}],"wp:featuredmedia":[{"embeddable":true,"href":"https:\/\/www.portalalerta.com.br\/index.php\/wp-json\/wp\/v2\/media\/22281"}],"wp:attachment":[{"href":"https:\/\/www.portalalerta.com.br\/index.php\/wp-json\/wp\/v2\/media?parent=23030"}],"wp:term":[{"taxonomy":"category","embeddable":true,"href":"https:\/\/www.portalalerta.com.br\/index.php\/wp-json\/wp\/v2\/categories?post=23030"},{"taxonomy":"post_tag","embeddable":true,"href":"https:\/\/www.portalalerta.com.br\/index.php\/wp-json\/wp\/v2\/tags?post=23030"}],"curies":[{"name":"wp","href":"https:\/\/api.w.org\/{rel}","templated":true}]}}