{"id":23032,"date":"2020-04-05T18:05:40","date_gmt":"2020-04-05T21:05:40","guid":{"rendered":"https:\/\/www.portalalerta.com.br\/?p=23032"},"modified":"2020-04-05T18:05:40","modified_gmt":"2020-04-05T21:05:40","slug":"governo-do-estado-vai-pagar-conta-de-agua-de-mais-de-860-mil-de-baianos-por-tres-meses","status":"publish","type":"post","link":"https:\/\/www.portalalerta.com.br\/index.php\/2020\/04\/05\/governo-do-estado-vai-pagar-conta-de-agua-de-mais-de-860-mil-de-baianos-por-tres-meses\/","title":{"rendered":"Governo do Estado vai pagar conta de \u00e1gua de mais de 860 mil de baianos por tr\u00eas meses"},"content":{"rendered":"<p style=\"text-align: justify;\">Ap\u00f3s garantir o pagamento, pelos pr\u00f3ximos 90 dias, da conta de luz de 677 mil fam\u00edlias baianas, o governador Rui Costa anunciou, no fim da manh\u00e3 desta quinta-feira (2), durante entrevista coletiva virtual com jornalistas do interior, que os clientes da Empresa Baiana de \u00c1guas e Saneamento (Embasa) com Cadastro Social e consumo de um volume de at\u00e9 25 metros c\u00fabicos de \u00e1gua por m\u00eas tamb\u00e9m ter\u00e3o os tributos pagos pelo Estado, durante o mesmo per\u00edodo. O objetivo \u00e9 aliviar a situa\u00e7\u00e3o financeira das fam\u00edlias mais vulner\u00e1veis, em meio \u00e0 pandemia do coronav\u00edrus.<!--more--><\/p>\n<p style=\"text-align: justify;\">\u201cS\u00e3o mais de 860 mil de baianos que se encaixam nesses crit\u00e9rios e v\u00e3o poder economizar o dinheiro que seria usado para pagar a conta de \u00e1gua. Al\u00e9m disso, as 677 mil liga\u00e7\u00f5es de energia el\u00e9trica beneficiam diretamente mais de dois milh\u00f5es de pessoas que residem na Bahia. Juntos, esses valores representam mais do que uma cesta b\u00e1sica, por exemplo\u201d, explicou o governador.<\/p>\n<p style=\"text-align: justify;\">Acompanhado do secret\u00e1rio de Sa\u00fade do Estado, F\u00e1bio Vilas-Boas, Rui tamb\u00e9m informou que, nos pr\u00f3ximos dias, duas novas m\u00e1quinas chegar\u00e3o ao Laborat\u00f3rio Central do Estado (Lacen), dobrando a capacidade de testes da unidade. Os novos equipamentos devem chegar dentro de um prazo de 15 dias, aumentando de 300 para 600 a capacidade de testes realizados por dia na unidade, que est\u00e1 funcionando todos os dias, durante as 24 horas. Tamb\u00e9m foi informada a compra de 1 milh\u00e3o de m\u00e1scaras para serem distribu\u00eddas entre os munic\u00edpios.<\/p>\n<p style=\"text-align: justify;\"><strong><img fetchpriority=\"high\" decoding=\"async\" class=\"size-thumbnail wp-image-18400 aligncenter\" src=\"https:\/\/www.portalalerta.com.br\/wp-content\/uploads\/2019\/07\/Real-Estilo-e-Voc\u00ea-633x240.jpeg\" alt=\"\" width=\"633\" height=\"240\" srcset=\"https:\/\/www.portalalerta.com.br\/wp-content\/uploads\/2019\/07\/Real-Estilo-e-Voc\u00ea-633x240.jpeg 633w, https:\/\/www.portalalerta.com.br\/wp-content\/uploads\/2019\/07\/Real-Estilo-e-Voc\u00ea-260x99.jpeg 260w, https:\/\/www.portalalerta.com.br\/wp-content\/uploads\/2019\/07\/Real-Estilo-e-Voc\u00ea-50x19.jpeg 50w, https:\/\/www.portalalerta.com.br\/wp-content\/uploads\/2019\/07\/Real-Estilo-e-Voc\u00ea-150x57.jpeg 150w, https:\/\/www.portalalerta.com.br\/wp-content\/uploads\/2019\/07\/Real-Estilo-e-Voc\u00ea.jpeg 720w\" sizes=\"(max-width: 633px) 100vw, 633px\" \/>Crise planet\u00e1ria<\/strong><\/p>\n<p style=\"text-align: justify;\">Durante a entrevista, o governador parabenizou a uni\u00e3o de todos os prefeitos e prefeitas no combate \u00e0 pandemia. \u201cEstamos enfrentando uma tempestade com raio, trovoada, mar\u00e9 alta, terremoto, tudo ao mesmo tempo. \u00c9 uma crise planet\u00e1ria, com escassez dos materiais e insumos da sa\u00fade. Os pre\u00e7os desses insumos foram para a estratosfera, enquanto isso a arrecada\u00e7\u00e3o dos estados e dos munic\u00edpios vai despencar\u201d, enfatizou.<\/p>\n<p style=\"text-align: justify;\">Rui lembrou que a estrat\u00e9gia adotada pelo governo para garantir o atendimento da popula\u00e7\u00e3o de todo o estado foi a montagem de centros regionais de triagem. Isso n\u00e3o inviabilizaria, no momento, que os munic\u00edpios montem sua pr\u00f3pria estrutura, bloqueando uma unidade de sa\u00fade espec\u00edfica para fazer esse tipo de servi\u00e7o, sem preju\u00edzo para os pacientes e profissionais de outros equipamentos da sua rede de sa\u00fade. Entre os centros de triagem citados pelo governador est\u00e3o o Hospital da Chesf, em Paulo Afonso, e as UPAs de Ipia\u00fa e Gandu.<\/p>\n<p style=\"text-align: justify;\"><strong>Vacina\u00e7\u00e3o\u00a0<\/strong><\/p>\n<p style=\"text-align: justify;\">Sobre a vacina\u00e7\u00e3o contra H1N1 no interior do estado, F\u00e1bio Vilas-Boas chamou a aten\u00e7\u00e3o dos munic\u00edpios que fizeram a imuniza\u00e7\u00e3o sem levar em conta a quest\u00e3o da prioridade, deixando descobertos os mais vulner\u00e1veis. \u201cNesse momento, a vacina\u00e7\u00e3o \u00e9 voltada para quem tem mais de 60, menos que cinco, gr\u00e1vidas, profissionais de sa\u00fade e pessoas com doen\u00e7as cr\u00f4nicas e autoimunes. N\u00e3o faz sentido vacinar jovens com 20 anos e faltar vacina para quem mais precisa\u201d, afirmou o secret\u00e1rio, informando que mais unidades da vacina dever\u00e3o ser entregues pelo Governo Federal nos pr\u00f3ximos dias e distribu\u00eddas para os munic\u00edpios.<\/p>\n","protected":false},"excerpt":{"rendered":"<p>Ap\u00f3s garantir o pagamento, pelos pr\u00f3ximos 90 dias, da conta de luz de 677 mil fam\u00edlias baianas, o governador Rui Costa anunciou, no fim da manh\u00e3 desta quinta-feira (2), durante entrevista coletiva virtual com jornalistas do interior, que os clientes da Empresa Baiana de \u00c1guas e Saneamento (Embasa) com Cadastro Social e consumo de um &hellip;<\/p>\n","protected":false},"author":2,"featured_media":22949,"comment_status":"open","ping_status":"open","sticky":false,"template":"","format":"standard","meta":{"om_disable_all_campaigns":false,"_monsterinsights_skip_tracking":false,"_monsterinsights_sitenote_active":false,"_monsterinsights_sitenote_note":"","_monsterinsights_sitenote_category":0,"footnotes":""},"categories":[33,70,69,21,19],"tags":[54,2713,3429,3486,275,912,282,61],"class_list":["post-23032","post","type-post","status-publish","format-standard","has-post-thumbnail","hentry","category-bahia","category-destaques","category-noticias2","category-politica","category-saude","tag-bahia","tag-conta-de-agua","tag-coronavirus","tag-covid-19","tag-embasa","tag-governo-da-bahia","tag-rui-costa","tag-saude"],"aioseo_notices":[],"_links":{"self":[{"href":"https:\/\/www.portalalerta.com.br\/index.php\/wp-json\/wp\/v2\/posts\/23032","targetHints":{"allow":["GET"]}}],"collection":[{"href":"https:\/\/www.portalalerta.com.br\/index.php\/wp-json\/wp\/v2\/posts"}],"about":[{"href":"https:\/\/www.portalalerta.com.br\/index.php\/wp-json\/wp\/v2\/types\/post"}],"author":[{"embeddable":true,"href":"https:\/\/www.portalalerta.com.br\/index.php\/wp-json\/wp\/v2\/users\/2"}],"replies":[{"embeddable":true,"href":"https:\/\/www.portalalerta.com.br\/index.php\/wp-json\/wp\/v2\/comments?post=23032"}],"version-history":[{"count":1,"href":"https:\/\/www.portalalerta.com.br\/index.php\/wp-json\/wp\/v2\/posts\/23032\/revisions"}],"predecessor-version":[{"id":23034,"href":"https:\/\/www.portalalerta.com.br\/index.php\/wp-json\/wp\/v2\/posts\/23032\/revisions\/23034"}],"wp:featuredmedia":[{"embeddable":true,"href":"https:\/\/www.portalalerta.com.br\/index.php\/wp-json\/wp\/v2\/media\/22949"}],"wp:attachment":[{"href":"https:\/\/www.portalalerta.com.br\/index.php\/wp-json\/wp\/v2\/media?parent=23032"}],"wp:term":[{"taxonomy":"category","embeddable":true,"href":"https:\/\/www.portalalerta.com.br\/index.php\/wp-json\/wp\/v2\/categories?post=23032"},{"taxonomy":"post_tag","embeddable":true,"href":"https:\/\/www.portalalerta.com.br\/index.php\/wp-json\/wp\/v2\/tags?post=23032"}],"curies":[{"name":"wp","href":"https:\/\/api.w.org\/{rel}","templated":true}]}}