{"id":23039,"date":"2020-04-06T11:26:01","date_gmt":"2020-04-06T14:26:01","guid":{"rendered":"https:\/\/www.portalalerta.com.br\/?p=23039"},"modified":"2020-04-06T11:26:01","modified_gmt":"2020-04-06T14:26:01","slug":"premie-britanico-e-internado-para-exames-apos-testar-positivo-para-covid-19","status":"publish","type":"post","link":"https:\/\/www.portalalerta.com.br\/index.php\/2020\/04\/06\/premie-britanico-e-internado-para-exames-apos-testar-positivo-para-covid-19\/","title":{"rendered":"Premi\u00ea brit\u00e2nico \u00e9 internado para exames, ap\u00f3s testar positivo para COVID-19"},"content":{"rendered":"<p style=\"text-align: justify;\">O premi\u00ea brit\u00e2nico, Boris Johnson, deu entrada neste domingo (5) em um hospital para se submeter a exames, 10 dias ap\u00f3s testar positivo para o novo coronav\u00edrus.<!--more--><\/p>\n<p style=\"text-align: justify;\">Johnson, de 55 anos, anunciou que tinha sintomas leves de COVID-19 em 27 de mar\u00e7o e que havia decidido se isolar em sua resid\u00eancia, em Downing Street.<\/p>\n<p style=\"text-align: justify;\">Ele tinha previsto voltar a sair ao exterior na sexta, ap\u00f3s uma semana de isolamento, durante a qual continuou chefiando o pa\u00eds de sua resid\u00eancia, mas decidiu continuar em quarentena porque permanecia com febre, um dos sintomas dos contagiados pelo novo coronav\u00edrus.<\/p>\n<p style=\"text-align: justify;\">&#8220;Seguindo orienta\u00e7\u00f5es m\u00e9dicas, o premi\u00ea deu entrada esta noite no hospital para realizar exames&#8221;, anunciou Downing Street, assinalando que se trata de uma medida de precau\u00e7\u00e3o.<\/p>\n<p style=\"text-align: justify;\">&#8220;\u00c9 uma medida de precau\u00e7\u00e3o, pois o primeiro-ministro continua tendo sintomas persistentes do coronav\u00edrus dez dias depois de ter testado positivo para o v\u00edrus&#8221;, acrescentou o texto.<\/p>\n<p style=\"text-align: justify;\"><img fetchpriority=\"high\" decoding=\"async\" class=\"size-thumbnail wp-image-4869 aligncenter\" src=\"https:\/\/www.portalalerta.com.br\/wp-content\/uploads\/2018\/02\/Auto-Escola-Nobre-720x181.jpg\" alt=\"\" width=\"720\" height=\"181\" srcset=\"https:\/\/www.portalalerta.com.br\/wp-content\/uploads\/2018\/02\/Auto-Escola-Nobre.jpg 720w, https:\/\/www.portalalerta.com.br\/wp-content\/uploads\/2018\/02\/Auto-Escola-Nobre-260x65.jpg 260w, https:\/\/www.portalalerta.com.br\/wp-content\/uploads\/2018\/02\/Auto-Escola-Nobre-50x13.jpg 50w, https:\/\/www.portalalerta.com.br\/wp-content\/uploads\/2018\/02\/Auto-Escola-Nobre-150x38.jpg 150w\" sizes=\"(max-width: 720px) 100vw, 720px\" \/>As informa\u00e7\u00f5es dispon\u00edveis indicam que a hospitaliza\u00e7\u00e3o de Johnson n\u00e3o \u00e9 urgente e que se deveu \u00e0 persist\u00eancia dos sintomas.<\/p>\n<p style=\"text-align: justify;\">O presidente americano, Donald Trump, se disse &#8220;esperan\u00e7oso e seguro&#8221; de que Johnson, a quem chamou de &#8220;amigo&#8221;, vai se recuperar e ficar bem.<\/p>\n<p style=\"text-align: justify;\">&#8220;\u00c9 um homem forte, uma pessoa forte&#8221;, afirmou o presidente americano.<\/p>\n<p style=\"text-align: justify;\">Johnson \u00e9 o pol\u00edtico de mais alto escal\u00e3o a contrair o novo coronav\u00edrus. Sua companheira, Carrie Symonds, que est\u00e1 gr\u00e1vida, afirmou que esteve doente com sintomas durante uma semana, mas que j\u00e1 se recuperou.<\/p>\n<p style=\"text-align: justify;\">Perguntado neste domingo sobre Johnson na Sky News, o ministro da Sa\u00fade, Matt Hancock, disse que o primeiro-ministro &#8220;estava bem&#8221; e &#8220;estava no comando do pa\u00eds&#8221;.<\/p>\n<p style=\"text-align: justify;\">&#8220;Algumas pessoas t\u00eam sintomas bastante leves (da COVID-19), outras muito, muito graves. O primeiro-ministro n\u00e3o chegou a esse extremo&#8221;, disse.<\/p>\n<p style=\"text-align: justify;\">&#8220;Trabalho com ele todos os dias e posso lhes assegurar que est\u00e1 com o moral elevado&#8221;, acrescentou. &#8220;Mas quer ser muito prudente e seguir ao p\u00e9 da letra os conselhos de sa\u00fade p\u00fablica&#8221;, sobretudo para &#8220;dar o exemplo&#8221;.<\/p>\n<p style=\"text-align: justify;\">O ministro brit\u00e2nico da Sa\u00fade, Matt Hancock, voltou ao trabalho na sexta-feira ap\u00f3s ter passado uma semana em casa por tamb\u00e9m ter testado positivo para a COVID-19.<\/p>\n<p style=\"text-align: justify;\">Um dos principais assessores do primeiro-ministro, Dominic Cummings, tamb\u00e9m decidiu adotar a quarentena.<\/p>\n<p style=\"text-align: justify;\">A pandemia matou quase 5.000 pessoas na Gr\u00e3-Bretanha e os cidad\u00e3os est\u00e3o confinados h\u00e1 duas semanas. Neste domingo, o governo amea\u00e7ou endurecer as medidas se as instru\u00e7\u00f5es n\u00e3o forem seguidas.<\/p>\n<p style=\"text-align: justify;\">A popula\u00e7\u00e3o s\u00f3 pode sair para comprar comida, ir ao m\u00e9dico e fazer exerc\u00edcio uma vez por dia.<\/p>\n<p style=\"text-align: justify;\">Fonte: Yahoo Not\u00edcias<\/p>\n","protected":false},"excerpt":{"rendered":"<p>O premi\u00ea brit\u00e2nico, Boris Johnson, deu entrada neste domingo (5) em um hospital para se submeter a exames, 10 dias ap\u00f3s testar positivo para o novo coronav\u00edrus.<\/p>\n","protected":false},"author":2,"featured_media":23040,"comment_status":"open","ping_status":"open","sticky":false,"template":"","format":"standard","meta":{"om_disable_all_campaigns":false,"_monsterinsights_skip_tracking":false,"_monsterinsights_sitenote_active":false,"_monsterinsights_sitenote_note":"","_monsterinsights_sitenote_category":0,"footnotes":""},"categories":[70,35,69,21,19],"tags":[3551,813,339,3550,61],"class_list":["post-23039","post","type-post","status-publish","format-standard","has-post-thumbnail","hentry","category-destaques","category-mundo","category-noticias2","category-politica","category-saude","tag-boris-johnson","tag-inglaterra","tag-mundo","tag-primeiro-ministro","tag-saude"],"aioseo_notices":[],"_links":{"self":[{"href":"https:\/\/www.portalalerta.com.br\/index.php\/wp-json\/wp\/v2\/posts\/23039","targetHints":{"allow":["GET"]}}],"collection":[{"href":"https:\/\/www.portalalerta.com.br\/index.php\/wp-json\/wp\/v2\/posts"}],"about":[{"href":"https:\/\/www.portalalerta.com.br\/index.php\/wp-json\/wp\/v2\/types\/post"}],"author":[{"embeddable":true,"href":"https:\/\/www.portalalerta.com.br\/index.php\/wp-json\/wp\/v2\/users\/2"}],"replies":[{"embeddable":true,"href":"https:\/\/www.portalalerta.com.br\/index.php\/wp-json\/wp\/v2\/comments?post=23039"}],"version-history":[{"count":1,"href":"https:\/\/www.portalalerta.com.br\/index.php\/wp-json\/wp\/v2\/posts\/23039\/revisions"}],"predecessor-version":[{"id":23041,"href":"https:\/\/www.portalalerta.com.br\/index.php\/wp-json\/wp\/v2\/posts\/23039\/revisions\/23041"}],"wp:featuredmedia":[{"embeddable":true,"href":"https:\/\/www.portalalerta.com.br\/index.php\/wp-json\/wp\/v2\/media\/23040"}],"wp:attachment":[{"href":"https:\/\/www.portalalerta.com.br\/index.php\/wp-json\/wp\/v2\/media?parent=23039"}],"wp:term":[{"taxonomy":"category","embeddable":true,"href":"https:\/\/www.portalalerta.com.br\/index.php\/wp-json\/wp\/v2\/categories?post=23039"},{"taxonomy":"post_tag","embeddable":true,"href":"https:\/\/www.portalalerta.com.br\/index.php\/wp-json\/wp\/v2\/tags?post=23039"}],"curies":[{"name":"wp","href":"https:\/\/api.w.org\/{rel}","templated":true}]}}