{"id":23042,"date":"2020-04-06T11:27:06","date_gmt":"2020-04-06T14:27:06","guid":{"rendered":"https:\/\/www.portalalerta.com.br\/?p=23042"},"modified":"2020-04-06T11:27:06","modified_gmt":"2020-04-06T14:27:06","slug":"tecnica-em-enfermagem-que-fez-campanha-por-isolamento-morre-de-covid-19-em-goias","status":"publish","type":"post","link":"https:\/\/www.portalalerta.com.br\/index.php\/2020\/04\/06\/tecnica-em-enfermagem-que-fez-campanha-por-isolamento-morre-de-covid-19-em-goias\/","title":{"rendered":"T\u00e9cnica em enfermagem que fez campanha por isolamento morre de Covid-19 em Goi\u00e1s"},"content":{"rendered":"<p style=\"text-align: justify;\">Na linha de frente do enfrentamento ao novo coronav\u00edrus em um hospital particular de Goi\u00e2nia, a t\u00e9cnica em enfermagem Adelita Ribeiro da Silva, 38, morreu na manh\u00e3 deste domingo (5) com o diagn\u00f3stico de Covid-19.<!--more--><\/p>\n<p style=\"text-align: justify;\">Ela havia sido internada em uma Unidade de Terapia Intensiva do Hospital do Cora\u00e7\u00e3o de Goi\u00e2nia no dia 30 de mar\u00e7o, tr\u00eas dias ap\u00f3s o seu \u00faltimo plant\u00e3o. Testou positivo para o novo coronav\u00edrus, em exame cujo resultado saiu na sexta-feira (3).<\/p>\n<p style=\"text-align: justify;\">T\u00e9cnica em enfermagem e de laborat\u00f3rio, Adelita era servidora da rede municipal de sa\u00fade de Goi\u00e2nia e tamb\u00e9m trabalhava em um laborat\u00f3rio que presa servi\u00e7os ao Hospital do Cora\u00e7\u00e3o.<\/p>\n<p style=\"text-align: justify;\"><img fetchpriority=\"high\" decoding=\"async\" class=\"size-thumbnail wp-image-18400 aligncenter\" src=\"https:\/\/www.portalalerta.com.br\/wp-content\/uploads\/2019\/07\/Real-Estilo-e-Voc\u00ea-633x240.jpeg\" alt=\"\" width=\"633\" height=\"240\" srcset=\"https:\/\/www.portalalerta.com.br\/wp-content\/uploads\/2019\/07\/Real-Estilo-e-Voc\u00ea-633x240.jpeg 633w, https:\/\/www.portalalerta.com.br\/wp-content\/uploads\/2019\/07\/Real-Estilo-e-Voc\u00ea-260x99.jpeg 260w, https:\/\/www.portalalerta.com.br\/wp-content\/uploads\/2019\/07\/Real-Estilo-e-Voc\u00ea-50x19.jpeg 50w, https:\/\/www.portalalerta.com.br\/wp-content\/uploads\/2019\/07\/Real-Estilo-e-Voc\u00ea-150x57.jpeg 150w, https:\/\/www.portalalerta.com.br\/wp-content\/uploads\/2019\/07\/Real-Estilo-e-Voc\u00ea.jpeg 720w\" sizes=\"(max-width: 633px) 100vw, 633px\" \/>Adelita \u2013 que n\u00e3o tinha nenhuma outra doen\u00e7a que a colocasse em grupo de risco \u2013 chegou a participar de campanha defendendo o isolamento social e posou para uma foto com outros profissionais de sa\u00fade pedindo para as pessoas ficarem em casa. \u201cEstamos aqui por voc\u00eas. Fiquem em casa por n\u00f3s\u201d, dizia a mensagem.<\/p>\n<p style=\"text-align: justify;\">O governador de Goi\u00e1s, Ronaldo Caiado (DEM), afirmou em uma rede social que a t\u00e9cnica em enfermagem foi \u201cuma hero\u00edna que perdeu a vida para salvar vidas\u201d.<\/p>\n<figure id=\"attachment_23043\" aria-describedby=\"caption-attachment-23043\" style=\"width: 500px\" class=\"wp-caption aligncenter\"><img decoding=\"async\" class=\"wp-image-23043 size-full\" src=\"https:\/\/www.portalalerta.com.br\/wp-content\/uploads\/2020\/04\/Coronavirus-em-Goi\u00e1s-2020.1.jpg\" alt=\"\" width=\"500\" height=\"400\" srcset=\"https:\/\/www.portalalerta.com.br\/wp-content\/uploads\/2020\/04\/Coronavirus-em-Goi\u00e1s-2020.1.jpg 500w, https:\/\/www.portalalerta.com.br\/wp-content\/uploads\/2020\/04\/Coronavirus-em-Goi\u00e1s-2020.1-300x240.jpg 300w, https:\/\/www.portalalerta.com.br\/wp-content\/uploads\/2020\/04\/Coronavirus-em-Goi\u00e1s-2020.1-183x146.jpg 183w, https:\/\/www.portalalerta.com.br\/wp-content\/uploads\/2020\/04\/Coronavirus-em-Goi\u00e1s-2020.1-50x40.jpg 50w, https:\/\/www.portalalerta.com.br\/wp-content\/uploads\/2020\/04\/Coronavirus-em-Goi\u00e1s-2020.1-94x75.jpg 94w\" sizes=\"(max-width: 500px) 100vw, 500px\" \/><figcaption id=\"caption-attachment-23043\" class=\"wp-caption-text\">Adelita fez campanha para que fiquem em casa<\/figcaption><\/figure>\n<p style=\"text-align: justify;\">A t\u00e9cnica em enfermagem foi a terceira morte por Covid-19 em Goi\u00e1s, que possui 115 casos confirmados da doen\u00e7a.<\/p>\n<p style=\"text-align: justify;\"><em>Fonte: Canabrava FM <\/em><\/p>\n<p style=\"text-align: justify;\"><em>Com informa\u00e7\u00f5es: Agencia Brasil<\/em><\/p>\n","protected":false},"excerpt":{"rendered":"<p>Na linha de frente do enfrentamento ao novo coronav\u00edrus em um hospital particular de Goi\u00e2nia, a t\u00e9cnica em enfermagem Adelita Ribeiro da Silva, 38, morreu na manh\u00e3 deste domingo (5) com o diagn\u00f3stico de Covid-19.<\/p>\n","protected":false},"author":2,"featured_media":23044,"comment_status":"open","ping_status":"open","sticky":false,"template":"","format":"standard","meta":{"om_disable_all_campaigns":false,"_monsterinsights_skip_tracking":false,"_monsterinsights_sitenote_active":false,"_monsterinsights_sitenote_note":"","_monsterinsights_sitenote_category":0,"footnotes":""},"categories":[34,70,69,19],"tags":[93,3429,3486,3552,267,169,61],"class_list":["post-23042","post","type-post","status-publish","format-standard","has-post-thumbnail","hentry","category-brasil","category-destaques","category-noticias2","category-saude","tag-brasil","tag-coronavirus","tag-covid-19","tag-enfermeira","tag-goias","tag-morte","tag-saude"],"aioseo_notices":[],"_links":{"self":[{"href":"https:\/\/www.portalalerta.com.br\/index.php\/wp-json\/wp\/v2\/posts\/23042","targetHints":{"allow":["GET"]}}],"collection":[{"href":"https:\/\/www.portalalerta.com.br\/index.php\/wp-json\/wp\/v2\/posts"}],"about":[{"href":"https:\/\/www.portalalerta.com.br\/index.php\/wp-json\/wp\/v2\/types\/post"}],"author":[{"embeddable":true,"href":"https:\/\/www.portalalerta.com.br\/index.php\/wp-json\/wp\/v2\/users\/2"}],"replies":[{"embeddable":true,"href":"https:\/\/www.portalalerta.com.br\/index.php\/wp-json\/wp\/v2\/comments?post=23042"}],"version-history":[{"count":1,"href":"https:\/\/www.portalalerta.com.br\/index.php\/wp-json\/wp\/v2\/posts\/23042\/revisions"}],"predecessor-version":[{"id":23045,"href":"https:\/\/www.portalalerta.com.br\/index.php\/wp-json\/wp\/v2\/posts\/23042\/revisions\/23045"}],"wp:featuredmedia":[{"embeddable":true,"href":"https:\/\/www.portalalerta.com.br\/index.php\/wp-json\/wp\/v2\/media\/23044"}],"wp:attachment":[{"href":"https:\/\/www.portalalerta.com.br\/index.php\/wp-json\/wp\/v2\/media?parent=23042"}],"wp:term":[{"taxonomy":"category","embeddable":true,"href":"https:\/\/www.portalalerta.com.br\/index.php\/wp-json\/wp\/v2\/categories?post=23042"},{"taxonomy":"post_tag","embeddable":true,"href":"https:\/\/www.portalalerta.com.br\/index.php\/wp-json\/wp\/v2\/tags?post=23042"}],"curies":[{"name":"wp","href":"https:\/\/api.w.org\/{rel}","templated":true}]}}