{"id":23060,"date":"2020-04-06T23:11:59","date_gmt":"2020-04-07T02:11:59","guid":{"rendered":"https:\/\/www.portalalerta.com.br\/?p=23060"},"modified":"2020-04-06T23:11:59","modified_gmt":"2020-04-07T02:11:59","slug":"coronavirus-boris-johnson-tem-piora-e-e-levado-para-a-uti","status":"publish","type":"post","link":"https:\/\/www.portalalerta.com.br\/index.php\/2020\/04\/06\/coronavirus-boris-johnson-tem-piora-e-e-levado-para-a-uti\/","title":{"rendered":"Coronav\u00edrus: Boris Johnson tem piora e \u00e9 levado para a UTI"},"content":{"rendered":"<p style=\"text-align: justify;\">O\u00a0primeiro-ministro do Reino Unido, Boris Johnson, foi levado \u00e0 UTI na tarde desta segunda-feira (6). Ele tem covid-19, doen\u00e7a provocada pelo\u00a0novo coronav\u00edrus, e estava internado desde o domingo em um hospital de Londres.<!--more--><\/p>\n<p style=\"text-align: justify;\"><img fetchpriority=\"high\" decoding=\"async\" class=\"size-thumbnail wp-image-4869 aligncenter\" src=\"https:\/\/www.portalalerta.com.br\/wp-content\/uploads\/2018\/02\/Auto-Escola-Nobre-720x181.jpg\" alt=\"\" width=\"720\" height=\"181\" srcset=\"https:\/\/www.portalalerta.com.br\/wp-content\/uploads\/2018\/02\/Auto-Escola-Nobre.jpg 720w, https:\/\/www.portalalerta.com.br\/wp-content\/uploads\/2018\/02\/Auto-Escola-Nobre-260x65.jpg 260w, https:\/\/www.portalalerta.com.br\/wp-content\/uploads\/2018\/02\/Auto-Escola-Nobre-50x13.jpg 50w, https:\/\/www.portalalerta.com.br\/wp-content\/uploads\/2018\/02\/Auto-Escola-Nobre-150x38.jpg 150w\" sizes=\"(max-width: 720px) 100vw, 720px\" \/>&#8220;Durante a tarde desta segunda, a condi\u00e7\u00e3o do primeiro-ministro piorou e, por recomenda\u00e7\u00e3o de sua equipe m\u00e9dica, ele foi levado para a Unidade de Tratamento Intensivo do hospital St Thomas&#8221;, disse a assessoria de Johnson em uma nota oficial.<\/p>\n<p style=\"text-align: justify;\">O secret\u00e1rio de Rela\u00e7\u00f5es Exteriores, Dominic Raab, vai responder pelo governo na aus\u00eancia dele. Segundo o jornal\u00a0<em>The Guardian<\/em>, o primeiro-ministro est\u00e1 consciente e foi colocado no tratamento intensivo para o caso de precisar de respirador.<\/p>\n<p style=\"text-align: justify;\"><em>Fonte: R7<\/em><\/p>\n","protected":false},"excerpt":{"rendered":"<p>O\u00a0primeiro-ministro do Reino Unido, Boris Johnson, foi levado \u00e0 UTI na tarde desta segunda-feira (6). Ele tem covid-19, doen\u00e7a provocada pelo\u00a0novo coronav\u00edrus, e estava internado desde o domingo em um hospital de Londres.<\/p>\n","protected":false},"author":2,"featured_media":23040,"comment_status":"open","ping_status":"open","sticky":false,"template":"","format":"standard","meta":{"om_disable_all_campaigns":false,"_monsterinsights_skip_tracking":false,"_monsterinsights_sitenote_active":false,"_monsterinsights_sitenote_note":"","_monsterinsights_sitenote_category":0,"footnotes":""},"categories":[70,35,69,21,19],"tags":[3551,3429,3486,813,3550,61,153],"class_list":["post-23060","post","type-post","status-publish","format-standard","has-post-thumbnail","hentry","category-destaques","category-mundo","category-noticias2","category-politica","category-saude","tag-boris-johnson","tag-coronavirus","tag-covid-19","tag-inglaterra","tag-primeiro-ministro","tag-saude","tag-uti"],"aioseo_notices":[],"_links":{"self":[{"href":"https:\/\/www.portalalerta.com.br\/index.php\/wp-json\/wp\/v2\/posts\/23060","targetHints":{"allow":["GET"]}}],"collection":[{"href":"https:\/\/www.portalalerta.com.br\/index.php\/wp-json\/wp\/v2\/posts"}],"about":[{"href":"https:\/\/www.portalalerta.com.br\/index.php\/wp-json\/wp\/v2\/types\/post"}],"author":[{"embeddable":true,"href":"https:\/\/www.portalalerta.com.br\/index.php\/wp-json\/wp\/v2\/users\/2"}],"replies":[{"embeddable":true,"href":"https:\/\/www.portalalerta.com.br\/index.php\/wp-json\/wp\/v2\/comments?post=23060"}],"version-history":[{"count":1,"href":"https:\/\/www.portalalerta.com.br\/index.php\/wp-json\/wp\/v2\/posts\/23060\/revisions"}],"predecessor-version":[{"id":23061,"href":"https:\/\/www.portalalerta.com.br\/index.php\/wp-json\/wp\/v2\/posts\/23060\/revisions\/23061"}],"wp:featuredmedia":[{"embeddable":true,"href":"https:\/\/www.portalalerta.com.br\/index.php\/wp-json\/wp\/v2\/media\/23040"}],"wp:attachment":[{"href":"https:\/\/www.portalalerta.com.br\/index.php\/wp-json\/wp\/v2\/media?parent=23060"}],"wp:term":[{"taxonomy":"category","embeddable":true,"href":"https:\/\/www.portalalerta.com.br\/index.php\/wp-json\/wp\/v2\/categories?post=23060"},{"taxonomy":"post_tag","embeddable":true,"href":"https:\/\/www.portalalerta.com.br\/index.php\/wp-json\/wp\/v2\/tags?post=23060"}],"curies":[{"name":"wp","href":"https:\/\/api.w.org\/{rel}","templated":true}]}}