{"id":23066,"date":"2020-04-07T14:04:22","date_gmt":"2020-04-07T17:04:22","guid":{"rendered":"https:\/\/www.portalalerta.com.br\/?p=23066"},"modified":"2020-04-07T14:04:22","modified_gmt":"2020-04-07T17:04:22","slug":"artigo-cientifico-assinado-por-mandetta-aponta-que-casos-de-covid-19-irao-ate-setembro-no-brasil","status":"publish","type":"post","link":"https:\/\/www.portalalerta.com.br\/index.php\/2020\/04\/07\/artigo-cientifico-assinado-por-mandetta-aponta-que-casos-de-covid-19-irao-ate-setembro-no-brasil\/","title":{"rendered":"Artigo cient\u00edfico assinado por Mandetta aponta que casos de Covid-19 ir\u00e3o at\u00e9 setembro no Brasil"},"content":{"rendered":"<p style=\"text-align: justify;\">Em um relat\u00f3rio t\u00e9cnico publicado nesta ter\u00e7a-feira (07) na \u201cRevista da Sociedade Brasileira de Medicina Tropical\u201d, o ministro da Sa\u00fade,\u00a0Luiz Henrique Mandetta, e outros cientistas do pa\u00eds defenderam o isolamento social como forma de combater o aumento de casos do\u00a0novo coronav\u00edrus. No artigo, eles destacam tamb\u00e9m que essas medidas podem reduzir o impacto econ\u00f4mico sobre o pa\u00eds se adotadas \u201cno in\u00edcio\u201d.<!--more--><\/p>\n<p style=\"text-align: justify;\">De acordo com o relat\u00f3rio, mesmo com a realiza\u00e7\u00e3o do isolamento social, estudos apontam que a\u00a0Covid-19\u00a0poder\u00e1 ter potencial de circula\u00e7\u00e3o na popula\u00e7\u00e3o brasileira at\u00e9 setembro deste ano.<\/p>\n<p style=\"text-align: justify;\">\u00a0\u201cV\u00e1rios modelos matem\u00e1ticos mostraram que o v\u00edrus estar\u00e1 potencialmente circulando at\u00e9 meados de setembro, com um pico importante de casos em abril e maio\u201d, escrevem os autores.<\/p>\n<p style=\"text-align: justify;\"><img fetchpriority=\"high\" decoding=\"async\" class=\"size-full wp-image-2902 alignleft\" src=\"https:\/\/www.portalalerta.com.br\/wp-content\/uploads\/2017\/11\/elab-2.jpg\" alt=\"\" width=\"310\" height=\"200\" srcset=\"https:\/\/www.portalalerta.com.br\/wp-content\/uploads\/2017\/11\/elab-2.jpg 310w, https:\/\/www.portalalerta.com.br\/wp-content\/uploads\/2017\/11\/elab-2-226x146.jpg 226w, https:\/\/www.portalalerta.com.br\/wp-content\/uploads\/2017\/11\/elab-2-50x32.jpg 50w, https:\/\/www.portalalerta.com.br\/wp-content\/uploads\/2017\/11\/elab-2-116x75.jpg 116w\" sizes=\"(max-width: 310px) 100vw, 310px\" \/>O trabalho \u00e9 assinado ainda pelo secret\u00e1rio de Vigil\u00e2ncia em Sa\u00fade do minist\u00e9rio, Wanderson Oliveira, e cientistas da Universidade Federal do Mato Grosso do Sul (UFMS), da Universidade do Estado do Amazonas (UEA), da Fiocruz, da Funda\u00e7\u00e3o de Medicina Tropical Doutor Heitor Vieira Dourado e do Minist\u00e9rio da Sa\u00fade.<\/p>\n<p style=\"text-align: justify;\">Diante da previs\u00e3o de que Brasil enfrentar\u00e1 casos da pandemia durante os pr\u00f3ximos meses, Mandetta e os pesquisadores ressaltaram a preocupa\u00e7\u00e3o com a estrutura do sistema de sa\u00fade.<\/p>\n<p style=\"text-align: justify;\">\u201cAssim, existem preocupa\u00e7\u00f5es quanto \u00e0 disponibilidade de unidades de terapia intensiva (UTI) e ventiladores mec\u00e2nicos necess\u00e1rios para pacientes hospitalizados com Covid-19, bem como a disponibilidade de testes diagn\u00f3sticos espec\u00edficos.\u201d<\/p>\n<p style=\"text-align: justify;\">Desde o in\u00edcio da implementa\u00e7\u00e3o do isolamento social no Brasil, empres\u00e1rios tem criticado a medida destacando o impacto negativo que ela teria na economia. Segundo o estudo assinado pelo ministro, as queixas s\u00e3o infundadas.<\/p>\n<p style=\"text-align: justify;\">&#8220;O isolamento social \u00e9 uma medida que deve ser sugerida no in\u00edcio para achatar a curva epidemiol\u00f3gica com o m\u00ednimo poss\u00edvel impacto econ\u00f4mico&#8221;, escrevem os autores.<\/p>\n<p style=\"text-align: justify;\">Ao descrever a experi\u00eancia brasileira, Mandetta e os cientistas registram que as autoridades brasileiras est\u00e3o recomendando o isolamento social, mas n\u00e3o implementaram &#8220;um bloqueio atrav\u00e9s do uso de for\u00e7as de seguran\u00e7a para impedir o movimento de pessoas em massa&#8221;.<\/p>\n<p style=\"text-align: justify;\">Eles defendem ainda que o impacto econ\u00f4mico pode ser &#8220;mitigado&#8221; durante o controle da pandemia com um distanciamento social &#8220;eficaz&#8221;, que limita o acesso do p\u00fablico a servi\u00e7os essenciais.<\/p>\n<p style=\"text-align: justify;\">Grande cr\u00edtico do isolamento social, o presidente Jair Bolsonaro (sem partido) atingiu o pico da tens\u00e3o com ministro Mandetta nesta segunda-feira (06). Apesar dos fortes rumores de demiss\u00e3o, o ministro segue a frente da pasta at\u00e9 o momento.<\/p>\n<p style=\"text-align: justify;\"><em>Fonte: Yahoo Not\u00edcias<\/em><\/p>\n<p style=\"text-align: justify;\"><em>Com informa\u00e7\u00f5es: O Globo <\/em><\/p>\n","protected":false},"excerpt":{"rendered":"<p>Em um relat\u00f3rio t\u00e9cnico publicado nesta ter\u00e7a-feira (07) na \u201cRevista da Sociedade Brasileira de Medicina Tropical\u201d, o ministro da Sa\u00fade,\u00a0Luiz Henrique Mandetta, e outros cientistas do pa\u00eds defenderam o isolamento social como forma de combater o aumento de casos do\u00a0novo coronav\u00edrus. No artigo, eles destacam tamb\u00e9m que essas medidas podem reduzir o impacto econ\u00f4mico sobre &hellip;<\/p>\n","protected":false},"author":2,"featured_media":22766,"comment_status":"open","ping_status":"open","sticky":false,"template":"","format":"standard","meta":{"om_disable_all_campaigns":false,"_monsterinsights_skip_tracking":false,"_monsterinsights_sitenote_active":false,"_monsterinsights_sitenote_note":"","_monsterinsights_sitenote_category":0,"footnotes":""},"categories":[34,70,69,19],"tags":[93,3429,3486,1884,635,1885,61],"class_list":["post-23066","post","type-post","status-publish","format-standard","has-post-thumbnail","hentry","category-brasil","category-destaques","category-noticias2","category-saude","tag-brasil","tag-coronavirus","tag-covid-19","tag-luiz-henrique-mandetta","tag-ministerio-da-saude","tag-ministro-da-saude","tag-saude"],"aioseo_notices":[],"_links":{"self":[{"href":"https:\/\/www.portalalerta.com.br\/index.php\/wp-json\/wp\/v2\/posts\/23066","targetHints":{"allow":["GET"]}}],"collection":[{"href":"https:\/\/www.portalalerta.com.br\/index.php\/wp-json\/wp\/v2\/posts"}],"about":[{"href":"https:\/\/www.portalalerta.com.br\/index.php\/wp-json\/wp\/v2\/types\/post"}],"author":[{"embeddable":true,"href":"https:\/\/www.portalalerta.com.br\/index.php\/wp-json\/wp\/v2\/users\/2"}],"replies":[{"embeddable":true,"href":"https:\/\/www.portalalerta.com.br\/index.php\/wp-json\/wp\/v2\/comments?post=23066"}],"version-history":[{"count":1,"href":"https:\/\/www.portalalerta.com.br\/index.php\/wp-json\/wp\/v2\/posts\/23066\/revisions"}],"predecessor-version":[{"id":23067,"href":"https:\/\/www.portalalerta.com.br\/index.php\/wp-json\/wp\/v2\/posts\/23066\/revisions\/23067"}],"wp:featuredmedia":[{"embeddable":true,"href":"https:\/\/www.portalalerta.com.br\/index.php\/wp-json\/wp\/v2\/media\/22766"}],"wp:attachment":[{"href":"https:\/\/www.portalalerta.com.br\/index.php\/wp-json\/wp\/v2\/media?parent=23066"}],"wp:term":[{"taxonomy":"category","embeddable":true,"href":"https:\/\/www.portalalerta.com.br\/index.php\/wp-json\/wp\/v2\/categories?post=23066"},{"taxonomy":"post_tag","embeddable":true,"href":"https:\/\/www.portalalerta.com.br\/index.php\/wp-json\/wp\/v2\/tags?post=23066"}],"curies":[{"name":"wp","href":"https:\/\/api.w.org\/{rel}","templated":true}]}}