{"id":23072,"date":"2020-04-07T14:35:10","date_gmt":"2020-04-07T17:35:10","guid":{"rendered":"https:\/\/www.portalalerta.com.br\/?p=23072"},"modified":"2020-04-07T14:35:10","modified_gmt":"2020-04-07T17:35:10","slug":"coronavirus-governo-anuncia-que-aplicativo-para-receber-auxilio-de-r-600-esta-no-ar","status":"publish","type":"post","link":"https:\/\/www.portalalerta.com.br\/index.php\/2020\/04\/07\/coronavirus-governo-anuncia-que-aplicativo-para-receber-auxilio-de-r-600-esta-no-ar\/","title":{"rendered":"Coronav\u00edrus: Governo anuncia que aplicativo para receber aux\u00edlio de R$ 600 est\u00e1 no ar"},"content":{"rendered":"<p style=\"text-align: justify;\">Est\u00e1 no ar o aplicativo, o site e a central telef\u00f4nica para que trabalhadores informais possam se cadastrar para receber o\u00a0aux\u00edlio emergencial\u00a0de R$ 600 criado pelo governo para minimizar o impacto social gerado pela pandemia do\u00a0novo coronav\u00edrus. O an\u00fancio foi feito nesta ter\u00e7a-feira (07) pelo ministro da Cidadania, Onyx Lorenzoni.<!--more--><\/p>\n<p style=\"text-align: justify;\">\u00a0\u201cEsse aplicativo j\u00e1 est\u00e1 dispon\u00edvel nas lojas do Google e Apple, nos dois sistemas, \u00e0 disposi\u00e7\u00e3o para as pessoas. Al\u00e9m disso, o site da caixa que \u00e9\u00a0<em>aux\u00edlio.caixa.gov.br<\/em>\u00a0j\u00e1 est\u00e1 aberto desde o in\u00edcio da noite. Ainda temos a central do 111 que as pessoas tamb\u00e9m podem utilizar para poder fazer o aux\u00edlio emergencial&#8221;, disse Onyx. Clique aqui para acessar pelo site:<a href=\"https:\/\/auxilio.caixa.gov.br\/#\/inicio\"><strong>\u00a0https:\/\/auxilio.caixa.gov.br\/#\/inicio<\/strong><\/a><\/p>\n<p style=\"text-align: justify;\">Segundo Onyx Lorenzoni, o site est\u00e1 no ar desde a noite de segunda-feira (6) e j\u00e1 foram realizados cerca de 600 mil cadastros. Para quem \u00e9 correntista do Banco do Brasil ou tem poupan\u00e7a na Caixa, o pagamento deve estar dispon\u00edvel j\u00e1 na pr\u00f3xima quinta-feira (9), segundo o pr\u00f3prio governo.<\/p>\n<p style=\"text-align: justify;\"><img fetchpriority=\"high\" decoding=\"async\" class=\"size-thumbnail wp-image-18400 aligncenter\" src=\"https:\/\/www.portalalerta.com.br\/wp-content\/uploads\/2019\/07\/Real-Estilo-e-Voc\u00ea-633x240.jpeg\" alt=\"\" width=\"633\" height=\"240\" srcset=\"https:\/\/www.portalalerta.com.br\/wp-content\/uploads\/2019\/07\/Real-Estilo-e-Voc\u00ea-633x240.jpeg 633w, https:\/\/www.portalalerta.com.br\/wp-content\/uploads\/2019\/07\/Real-Estilo-e-Voc\u00ea-260x99.jpeg 260w, https:\/\/www.portalalerta.com.br\/wp-content\/uploads\/2019\/07\/Real-Estilo-e-Voc\u00ea-50x19.jpeg 50w, https:\/\/www.portalalerta.com.br\/wp-content\/uploads\/2019\/07\/Real-Estilo-e-Voc\u00ea-150x57.jpeg 150w, https:\/\/www.portalalerta.com.br\/wp-content\/uploads\/2019\/07\/Real-Estilo-e-Voc\u00ea.jpeg 720w\" sizes=\"(max-width: 633px) 100vw, 633px\" \/>T\u00eam direito ao aux\u00edlio emergencial trabalhadores informais, microempreendedores individuais e aut\u00f4nomos, aqueles que contribuem individualmente para o INSS. O benef\u00edcio foi aprovado pelo Congresso na segunda-feira passada e sancionado pelo presidente\u00a0Jair Bolsonaro\u00a0(sem partido) na sexta-feira.<\/p>\n<p style=\"text-align: justify;\">De acordo o ministro da Cidadania, os primeiros a receber ser\u00e3o os informais no Cadastro \u00danico (Cad\u00danico). Est\u00e3o nessa base de dados, segundo o governo, 75 milh\u00f5es de pessoas, dos quais 10 milh\u00f5es j\u00e1 foram identificados como eleg\u00edveis ao benef\u00edcio.<\/p>\n<p style=\"text-align: justify;\">\u201cO processo \u00e9 muito complexo, s\u00e3o muitas vari\u00e1veis e o esfor\u00e7o est\u00e1 sendo quase sobrehumano das equipes para poder fazer o atendimento mais r\u00e1pido poss\u00edvel&#8221;, afirmou Onyx.<\/p>\n<p style=\"text-align: justify;\">Para receber os R$ 600 por tr\u00eas meses \u00e9 preciso ter mais de 18 anos, n\u00e3o ter emprego formal e n\u00e3o receber nenhum outro benef\u00edcio assistencial. A exce\u00e7\u00e3o \u00e9 para benefici\u00e1rios do Bolsa Fam\u00edlia, que podem receber o aux\u00edlio emergencial, caso seja mais vantajoso.<\/p>\n<p style=\"text-align: justify;\">De acordo com o governo, R$ 98 bilh\u00f5es ser\u00e3o investidos em aux\u00edlio para 54 milh\u00f5es de brasileiros.<\/p>\n<p style=\"text-align: justify;\">A medida custar\u00e1 aos cofres p\u00fablicos mais de R$ 98 bilh\u00f5es, segundo estimativas da equipe econ\u00f4mica. Na semana passada, o ministro da Economia, Paulo Guedes, disse que o montante ser\u00e1 superior \u00e0 previs\u00e3o de gastos para bancar custeio e investimento de todos os minist\u00e9rios do governo.<\/p>\n<p style=\"text-align: justify;\"><em>Fonte: Yahoo Not\u00edcias<\/em><\/p>\n","protected":false},"excerpt":{"rendered":"<p>Est\u00e1 no ar o aplicativo, o site e a central telef\u00f4nica para que trabalhadores informais possam se cadastrar para receber o\u00a0aux\u00edlio emergencial\u00a0de R$ 600 criado pelo governo para minimizar o impacto social gerado pela pandemia do\u00a0novo coronav\u00edrus. O an\u00fancio foi feito nesta ter\u00e7a-feira (07) pelo ministro da Cidadania, Onyx Lorenzoni.<\/p>\n","protected":false},"author":2,"featured_media":23073,"comment_status":"open","ping_status":"open","sticky":false,"template":"","format":"standard","meta":{"om_disable_all_campaigns":false,"_monsterinsights_skip_tracking":false,"_monsterinsights_sitenote_active":false,"_monsterinsights_sitenote_note":"","_monsterinsights_sitenote_category":0,"footnotes":""},"categories":[34,70,69,21,19],"tags":[630,93,3429,3486,249,61],"class_list":["post-23072","post","type-post","status-publish","format-standard","has-post-thumbnail","hentry","category-brasil","category-destaques","category-noticias2","category-politica","category-saude","tag-ajuda-financeira","tag-brasil","tag-coronavirus","tag-covid-19","tag-governo-federal","tag-saude"],"aioseo_notices":[],"_links":{"self":[{"href":"https:\/\/www.portalalerta.com.br\/index.php\/wp-json\/wp\/v2\/posts\/23072","targetHints":{"allow":["GET"]}}],"collection":[{"href":"https:\/\/www.portalalerta.com.br\/index.php\/wp-json\/wp\/v2\/posts"}],"about":[{"href":"https:\/\/www.portalalerta.com.br\/index.php\/wp-json\/wp\/v2\/types\/post"}],"author":[{"embeddable":true,"href":"https:\/\/www.portalalerta.com.br\/index.php\/wp-json\/wp\/v2\/users\/2"}],"replies":[{"embeddable":true,"href":"https:\/\/www.portalalerta.com.br\/index.php\/wp-json\/wp\/v2\/comments?post=23072"}],"version-history":[{"count":1,"href":"https:\/\/www.portalalerta.com.br\/index.php\/wp-json\/wp\/v2\/posts\/23072\/revisions"}],"predecessor-version":[{"id":23074,"href":"https:\/\/www.portalalerta.com.br\/index.php\/wp-json\/wp\/v2\/posts\/23072\/revisions\/23074"}],"wp:featuredmedia":[{"embeddable":true,"href":"https:\/\/www.portalalerta.com.br\/index.php\/wp-json\/wp\/v2\/media\/23073"}],"wp:attachment":[{"href":"https:\/\/www.portalalerta.com.br\/index.php\/wp-json\/wp\/v2\/media?parent=23072"}],"wp:term":[{"taxonomy":"category","embeddable":true,"href":"https:\/\/www.portalalerta.com.br\/index.php\/wp-json\/wp\/v2\/categories?post=23072"},{"taxonomy":"post_tag","embeddable":true,"href":"https:\/\/www.portalalerta.com.br\/index.php\/wp-json\/wp\/v2\/tags?post=23072"}],"curies":[{"name":"wp","href":"https:\/\/api.w.org\/{rel}","templated":true}]}}