{"id":23075,"date":"2020-04-07T14:45:36","date_gmt":"2020-04-07T17:45:36","guid":{"rendered":"https:\/\/www.portalalerta.com.br\/?p=23075"},"modified":"2020-04-07T14:51:34","modified_gmt":"2020-04-07T17:51:34","slug":"tres-dias-apos-a-confirmacao-de-infeccao-por-covid-19-adustinense-morre-na-capital-baiana","status":"publish","type":"post","link":"https:\/\/www.portalalerta.com.br\/index.php\/2020\/04\/07\/tres-dias-apos-a-confirmacao-de-infeccao-por-covid-19-adustinense-morre-na-capital-baiana\/","title":{"rendered":"Tr\u00eas dias ap\u00f3s a confirma\u00e7\u00e3o de infec\u00e7\u00e3o por Covid-19, adustinense morre na Capital Baiana"},"content":{"rendered":"<p style=\"text-align: justify;\">O jovem adustinense, de apenas 26 anos, n\u00e3o resistiu ao Covid-19 (Coronav\u00edrus), e teve o seu \u00f3bito divulgado na manh\u00e3 desta ter\u00e7a-feira, 07.<!--more--><\/p>\n<p style=\"text-align: justify;\"><img fetchpriority=\"high\" decoding=\"async\" class=\"size-full wp-image-2902 alignleft\" src=\"https:\/\/www.portalalerta.com.br\/wp-content\/uploads\/2017\/11\/elab-2.jpg\" alt=\"\" width=\"310\" height=\"200\" srcset=\"https:\/\/www.portalalerta.com.br\/wp-content\/uploads\/2017\/11\/elab-2.jpg 310w, https:\/\/www.portalalerta.com.br\/wp-content\/uploads\/2017\/11\/elab-2-226x146.jpg 226w, https:\/\/www.portalalerta.com.br\/wp-content\/uploads\/2017\/11\/elab-2-50x32.jpg 50w, https:\/\/www.portalalerta.com.br\/wp-content\/uploads\/2017\/11\/elab-2-116x75.jpg 116w\" sizes=\"(max-width: 310px) 100vw, 310px\" \/>O jovem tinha chegado do Estado de S\u00e3o Paulo h\u00e1 pouco tempo, e come\u00e7ou a apresentar os sintomas no \u00faltimo dia 28. J\u00e1 no dia 31 teve o seu quadro cl\u00ednico agravado, e por conta disso foi<a href=\"https:\/\/www.portalalerta.com.br\/index.php\/2020\/04\/02\/paciente-de-adustina-ba-com-suspeita-de-covid-19-e-transferido-de-aviao-para-salvador\/\"><strong> transferido para a capital baiana com o aux\u00edlio de um avi\u00e3o UTI,<\/strong><\/a> fornecido pelo governo do Estado, sendo internado no Hospital Couto Maia.<\/p>\n<p style=\"text-align: justify;\">J\u00e1 no \u00faltimo s\u00e1bado, 04, o prefeito da cidade, Paulo S\u00e9rgio, <a href=\"https:\/\/www.portalalerta.com.br\/index.php\/2020\/04\/05\/prefeito-de-adustina-ba-confirma-o-primeiro-caso-de-coronavirus-no-municipio\/\"><strong>durante uma transmiss\u00e3o por v\u00eddeo em redes sociais, confirmou que o referido paciente tinha testado positivo para a doen\u00e7a<\/strong><\/a>. Ainda de acordo com informa\u00e7\u00f5es o Adustinense apresentava comorbidades que o colocava em situa\u00e7\u00e3o de risco, entre elas: obesidade e hipertens\u00e3o.<\/p>\n<p style=\"text-align: justify;\"><strong>Boletim do Governo da Bahia<\/strong><\/p>\n<p style=\"text-align: justify;\">Por volta das 12:00hs desta ter\u00e7a-feira, o Governo do Estado divulgou o Boletim Di\u00e1rio, onde n\u00e3o constou a morte do jovem adustinense. Na ocasi\u00e3o foram divulgados: 456 casos confirmados; 2.510 casos descartados; 11 \u00f3bitos, sendo 09 oriundos de Salvador, 01 de Utinga, e o outro de Itapetinga; 106 pessoas recuperadas; e 51 pessoas internadas, sendo 29 em UTI.<\/p>\n<p style=\"text-align: justify;\">Desta forma, a expectativa \u00e9 que no pr\u00f3ximo Boletim, previsto para ser divulgado \u00e0s 17:00hs, conste o 12\u00ba \u00f3bito da Bahia, e o 1\u00ba de Adustina-BA.<\/p>\n<p style=\"text-align: justify;\"><em>Reda\u00e7\u00e3o: Portal Alerta<\/em><\/p>\n<p style=\"text-align: justify;\"><em><strong>#fiqueemcasa<\/strong><\/em><\/p>\n","protected":false},"excerpt":{"rendered":"<p>O jovem adustinense, de apenas 26 anos, n\u00e3o resistiu ao Covid-19 (Coronav\u00edrus), e teve o seu \u00f3bito divulgado na manh\u00e3 desta ter\u00e7a-feira, 07.<\/p>\n","protected":false},"author":2,"featured_media":23076,"comment_status":"open","ping_status":"open","sticky":false,"template":"","format":"standard","meta":{"om_disable_all_campaigns":false,"_monsterinsights_skip_tracking":false,"_monsterinsights_sitenote_active":false,"_monsterinsights_sitenote_note":"","_monsterinsights_sitenote_category":0,"footnotes":""},"categories":[40,33,70,69,32,19],"tags":[100,54,3429,3486,169,61],"class_list":["post-23075","post","type-post","status-publish","format-standard","has-post-thumbnail","hentry","category-adustina","category-bahia","category-destaques","category-noticias2","category-regiao","category-saude","tag-adustina","tag-bahia","tag-coronavirus","tag-covid-19","tag-morte","tag-saude"],"aioseo_notices":[],"_links":{"self":[{"href":"https:\/\/www.portalalerta.com.br\/index.php\/wp-json\/wp\/v2\/posts\/23075","targetHints":{"allow":["GET"]}}],"collection":[{"href":"https:\/\/www.portalalerta.com.br\/index.php\/wp-json\/wp\/v2\/posts"}],"about":[{"href":"https:\/\/www.portalalerta.com.br\/index.php\/wp-json\/wp\/v2\/types\/post"}],"author":[{"embeddable":true,"href":"https:\/\/www.portalalerta.com.br\/index.php\/wp-json\/wp\/v2\/users\/2"}],"replies":[{"embeddable":true,"href":"https:\/\/www.portalalerta.com.br\/index.php\/wp-json\/wp\/v2\/comments?post=23075"}],"version-history":[{"count":3,"href":"https:\/\/www.portalalerta.com.br\/index.php\/wp-json\/wp\/v2\/posts\/23075\/revisions"}],"predecessor-version":[{"id":23079,"href":"https:\/\/www.portalalerta.com.br\/index.php\/wp-json\/wp\/v2\/posts\/23075\/revisions\/23079"}],"wp:featuredmedia":[{"embeddable":true,"href":"https:\/\/www.portalalerta.com.br\/index.php\/wp-json\/wp\/v2\/media\/23076"}],"wp:attachment":[{"href":"https:\/\/www.portalalerta.com.br\/index.php\/wp-json\/wp\/v2\/media?parent=23075"}],"wp:term":[{"taxonomy":"category","embeddable":true,"href":"https:\/\/www.portalalerta.com.br\/index.php\/wp-json\/wp\/v2\/categories?post=23075"},{"taxonomy":"post_tag","embeddable":true,"href":"https:\/\/www.portalalerta.com.br\/index.php\/wp-json\/wp\/v2\/tags?post=23075"}],"curies":[{"name":"wp","href":"https:\/\/api.w.org\/{rel}","templated":true}]}}