{"id":23081,"date":"2020-04-07T17:53:11","date_gmt":"2020-04-07T20:53:11","guid":{"rendered":"https:\/\/www.portalalerta.com.br\/?p=23081"},"modified":"2020-04-07T17:53:11","modified_gmt":"2020-04-07T20:53:11","slug":"coronavirus-equador-enterra-vitimas-da-doenca-em-caixoes-de-papelao","status":"publish","type":"post","link":"https:\/\/www.portalalerta.com.br\/index.php\/2020\/04\/07\/coronavirus-equador-enterra-vitimas-da-doenca-em-caixoes-de-papelao\/","title":{"rendered":"Coronav\u00edrus: Equador enterra v\u00edtimas da doen\u00e7a em caix\u00f5es de papel\u00e3o"},"content":{"rendered":"<p style=\"text-align: justify;\">Presenciando os horrores do colapso do sistema de sa\u00fade e funer\u00e1rio, a cidade de Guayaquil, no Equador, passou a utilizar caix\u00f5es de papel\u00e3o para enterrar as v\u00edtimas da pandemia do novo coronav\u00edrus. \u00c9 o que informa a Associa\u00e7\u00e3o de Papeleiros do pa\u00eds, que doou mil f\u00e9retros do material ao munic\u00edpio.<!--more--><\/p>\n<p style=\"text-align: justify;\">\u201c\u00c9 para que possam cobrir a demanda de caix\u00f5es, que est\u00e3o em falta na cidade ou s\u00e3o extremamente caros\u201d, afirmou um porta-voz do conselho de Guayaquil \u00e0 Agence France-Presse.<\/p>\n<p style=\"text-align: justify;\"><img fetchpriority=\"high\" decoding=\"async\" class=\"size-thumbnail wp-image-4869 aligncenter\" src=\"https:\/\/www.portalalerta.com.br\/wp-content\/uploads\/2018\/02\/Auto-Escola-Nobre-720x181.jpg\" alt=\"\" width=\"720\" height=\"181\" srcset=\"https:\/\/www.portalalerta.com.br\/wp-content\/uploads\/2018\/02\/Auto-Escola-Nobre.jpg 720w, https:\/\/www.portalalerta.com.br\/wp-content\/uploads\/2018\/02\/Auto-Escola-Nobre-260x65.jpg 260w, https:\/\/www.portalalerta.com.br\/wp-content\/uploads\/2018\/02\/Auto-Escola-Nobre-50x13.jpg 50w, https:\/\/www.portalalerta.com.br\/wp-content\/uploads\/2018\/02\/Auto-Escola-Nobre-150x38.jpg 150w\" sizes=\"(max-width: 720px) 100vw, 720px\" \/>O papel\u00e3o n\u00e3o atende \u00e0s normas estabelecidas pelo governo para o sepultamento de v\u00edtimas da COVID, mas \u201cn\u00e3o h\u00e1 fornecimento suficiente\u201d de caix\u00f5es de madeira, segundo Santiago Olivares, dono de uma funer\u00e1ria na cidade. No pa\u00eds, o objeto \u00e9 vendido a partir de 400 d\u00f3lares, mas sequer est\u00e1 chegando ao pa\u00eds, devido ao toque de recolher. A cidade, que tem o maior n\u00famero de casos, j\u00e1 reportou 126 mortos.<\/p>\n<p style=\"text-align: justify;\">O pa\u00eds decretou estado de exce\u00e7\u00e3o devido \u00e0 crise atual, em que j\u00e1 se contabilizam 3.646 casos da doen\u00e7a, fazendo do Equador um dos mais afetados do continente. A prefeitura de Guayaquil afirmou que a medida improvisada auxiliar\u00e1 na propor\u00e7\u00e3o de sepulturas dignas aos mortos.<\/p>\n<p style=\"text-align: justify;\"><em>Fonte: Jeremoabo.com<\/em><\/p>\n","protected":false},"excerpt":{"rendered":"<p>Presenciando os horrores do colapso do sistema de sa\u00fade e funer\u00e1rio, a cidade de Guayaquil, no Equador, passou a utilizar caix\u00f5es de papel\u00e3o para enterrar as v\u00edtimas da pandemia do novo coronav\u00edrus. \u00c9 o que informa a Associa\u00e7\u00e3o de Papeleiros do pa\u00eds, que doou mil f\u00e9retros do material ao munic\u00edpio.<\/p>\n","protected":false},"author":2,"featured_media":23082,"comment_status":"open","ping_status":"open","sticky":false,"template":"","format":"standard","meta":{"om_disable_all_campaigns":false,"_monsterinsights_skip_tracking":false,"_monsterinsights_sitenote_active":false,"_monsterinsights_sitenote_note":"","_monsterinsights_sitenote_category":0,"footnotes":""},"categories":[70,35,69,19],"tags":[3429,3486,608,339,61,771],"class_list":["post-23081","post","type-post","status-publish","format-standard","has-post-thumbnail","hentry","category-destaques","category-mundo","category-noticias2","category-saude","tag-coronavirus","tag-covid-19","tag-mortos","tag-mundo","tag-saude","tag-sepultamento"],"aioseo_notices":[],"_links":{"self":[{"href":"https:\/\/www.portalalerta.com.br\/index.php\/wp-json\/wp\/v2\/posts\/23081","targetHints":{"allow":["GET"]}}],"collection":[{"href":"https:\/\/www.portalalerta.com.br\/index.php\/wp-json\/wp\/v2\/posts"}],"about":[{"href":"https:\/\/www.portalalerta.com.br\/index.php\/wp-json\/wp\/v2\/types\/post"}],"author":[{"embeddable":true,"href":"https:\/\/www.portalalerta.com.br\/index.php\/wp-json\/wp\/v2\/users\/2"}],"replies":[{"embeddable":true,"href":"https:\/\/www.portalalerta.com.br\/index.php\/wp-json\/wp\/v2\/comments?post=23081"}],"version-history":[{"count":1,"href":"https:\/\/www.portalalerta.com.br\/index.php\/wp-json\/wp\/v2\/posts\/23081\/revisions"}],"predecessor-version":[{"id":23083,"href":"https:\/\/www.portalalerta.com.br\/index.php\/wp-json\/wp\/v2\/posts\/23081\/revisions\/23083"}],"wp:featuredmedia":[{"embeddable":true,"href":"https:\/\/www.portalalerta.com.br\/index.php\/wp-json\/wp\/v2\/media\/23082"}],"wp:attachment":[{"href":"https:\/\/www.portalalerta.com.br\/index.php\/wp-json\/wp\/v2\/media?parent=23081"}],"wp:term":[{"taxonomy":"category","embeddable":true,"href":"https:\/\/www.portalalerta.com.br\/index.php\/wp-json\/wp\/v2\/categories?post=23081"},{"taxonomy":"post_tag","embeddable":true,"href":"https:\/\/www.portalalerta.com.br\/index.php\/wp-json\/wp\/v2\/tags?post=23081"}],"curies":[{"name":"wp","href":"https:\/\/api.w.org\/{rel}","templated":true}]}}