{"id":23084,"date":"2020-04-07T17:54:33","date_gmt":"2020-04-07T20:54:33","guid":{"rendered":"https:\/\/www.portalalerta.com.br\/?p=23084"},"modified":"2020-04-07T17:54:33","modified_gmt":"2020-04-07T20:54:33","slug":"secretaria-de-saude-aguarda-resultado-de-exame-para-confirmar-se-obito-registrado-em-araci-ba-tem-relacao-com-o-covid-19","status":"publish","type":"post","link":"https:\/\/www.portalalerta.com.br\/index.php\/2020\/04\/07\/secretaria-de-saude-aguarda-resultado-de-exame-para-confirmar-se-obito-registrado-em-araci-ba-tem-relacao-com-o-covid-19\/","title":{"rendered":"Secretaria de Sa\u00fade aguarda resultado de exame, para confirmar se \u00f3bito registrado em Araci-BA tem rela\u00e7\u00e3o com o Covid-19"},"content":{"rendered":"<p style=\"text-align: justify;\">De acordo com o boletim da Vigil\u00e2ncia Epidemiol\u00f3gica da Secretaria de Sa\u00fade de Araci-BA, emitido na tarde desta segunda-feira (06), existe um \u00f3bito notificado como caso suspeito para contamina\u00e7\u00e3o do Covid-19, no munic\u00edpio.<!--more--><\/p>\n<p style=\"text-align: justify;\"><img fetchpriority=\"high\" decoding=\"async\" class=\"size-thumbnail wp-image-18400 aligncenter\" src=\"https:\/\/www.portalalerta.com.br\/wp-content\/uploads\/2019\/07\/Real-Estilo-e-Voc\u00ea-633x240.jpeg\" alt=\"\" width=\"633\" height=\"240\" srcset=\"https:\/\/www.portalalerta.com.br\/wp-content\/uploads\/2019\/07\/Real-Estilo-e-Voc\u00ea-633x240.jpeg 633w, https:\/\/www.portalalerta.com.br\/wp-content\/uploads\/2019\/07\/Real-Estilo-e-Voc\u00ea-260x99.jpeg 260w, https:\/\/www.portalalerta.com.br\/wp-content\/uploads\/2019\/07\/Real-Estilo-e-Voc\u00ea-50x19.jpeg 50w, https:\/\/www.portalalerta.com.br\/wp-content\/uploads\/2019\/07\/Real-Estilo-e-Voc\u00ea-150x57.jpeg 150w, https:\/\/www.portalalerta.com.br\/wp-content\/uploads\/2019\/07\/Real-Estilo-e-Voc\u00ea.jpeg 720w\" sizes=\"(max-width: 633px) 100vw, 633px\" \/>A coleta do material para averigua\u00e7\u00e3o e que foi enviado para o Lacen, foi autorizada pela fam\u00edlia do falecido.<\/p>\n<p style=\"text-align: justify;\"><em>Fonte: A Voz do Campo<\/em><\/p>\n","protected":false},"excerpt":{"rendered":"<p>De acordo com o boletim da Vigil\u00e2ncia Epidemiol\u00f3gica da Secretaria de Sa\u00fade de Araci-BA, emitido na tarde desta segunda-feira (06), existe um \u00f3bito notificado como caso suspeito para contamina\u00e7\u00e3o do Covid-19, no munic\u00edpio.<\/p>\n","protected":false},"author":2,"featured_media":22317,"comment_status":"open","ping_status":"open","sticky":false,"template":"","format":"standard","meta":{"om_disable_all_campaigns":false,"_monsterinsights_skip_tracking":false,"_monsterinsights_sitenote_active":false,"_monsterinsights_sitenote_note":"","_monsterinsights_sitenote_category":0,"footnotes":""},"categories":[41,70,69,32,19],"tags":[48,3429,3486,169,61],"class_list":["post-23084","post","type-post","status-publish","format-standard","has-post-thumbnail","hentry","category-araci","category-destaques","category-noticias2","category-regiao","category-saude","tag-araci","tag-coronavirus","tag-covid-19","tag-morte","tag-saude"],"aioseo_notices":[],"_links":{"self":[{"href":"https:\/\/www.portalalerta.com.br\/index.php\/wp-json\/wp\/v2\/posts\/23084","targetHints":{"allow":["GET"]}}],"collection":[{"href":"https:\/\/www.portalalerta.com.br\/index.php\/wp-json\/wp\/v2\/posts"}],"about":[{"href":"https:\/\/www.portalalerta.com.br\/index.php\/wp-json\/wp\/v2\/types\/post"}],"author":[{"embeddable":true,"href":"https:\/\/www.portalalerta.com.br\/index.php\/wp-json\/wp\/v2\/users\/2"}],"replies":[{"embeddable":true,"href":"https:\/\/www.portalalerta.com.br\/index.php\/wp-json\/wp\/v2\/comments?post=23084"}],"version-history":[{"count":1,"href":"https:\/\/www.portalalerta.com.br\/index.php\/wp-json\/wp\/v2\/posts\/23084\/revisions"}],"predecessor-version":[{"id":23085,"href":"https:\/\/www.portalalerta.com.br\/index.php\/wp-json\/wp\/v2\/posts\/23084\/revisions\/23085"}],"wp:featuredmedia":[{"embeddable":true,"href":"https:\/\/www.portalalerta.com.br\/index.php\/wp-json\/wp\/v2\/media\/22317"}],"wp:attachment":[{"href":"https:\/\/www.portalalerta.com.br\/index.php\/wp-json\/wp\/v2\/media?parent=23084"}],"wp:term":[{"taxonomy":"category","embeddable":true,"href":"https:\/\/www.portalalerta.com.br\/index.php\/wp-json\/wp\/v2\/categories?post=23084"},{"taxonomy":"post_tag","embeddable":true,"href":"https:\/\/www.portalalerta.com.br\/index.php\/wp-json\/wp\/v2\/tags?post=23084"}],"curies":[{"name":"wp","href":"https:\/\/api.w.org\/{rel}","templated":true}]}}