{"id":23086,"date":"2020-04-07T18:02:45","date_gmt":"2020-04-07T21:02:45","guid":{"rendered":"https:\/\/www.portalalerta.com.br\/?p=23086"},"modified":"2020-04-07T18:02:45","modified_gmt":"2020-04-07T21:02:45","slug":"estados-e-municipios-devem-decidir-como-cumprir-calendario-escolar","status":"publish","type":"post","link":"https:\/\/www.portalalerta.com.br\/index.php\/2020\/04\/07\/estados-e-municipios-devem-decidir-como-cumprir-calendario-escolar\/","title":{"rendered":"Estados e munic\u00edpios devem decidir como cumprir calend\u00e1rio escolar"},"content":{"rendered":"<p style=\"text-align: justify;\">O governo federal publicou nesta semana a medida provis\u00f3ria (MP) que permite que as escolas tenham menos de 200 dias letivos no ano, desde que garantam, no m\u00ednimo, 800 horas de ensino na educa\u00e7\u00e3o infantil, no ensino fundamental e no ensino m\u00e9dio. A flexibiliza\u00e7\u00e3o dever\u00e1 observar as normas dos respectivos sistemas de ensino, ou seja, estados e munic\u00edpios devem decidir as regras para o cumprimento da jornada m\u00ednima.<!--more--><\/p>\n<p style=\"text-align: justify;\"><img fetchpriority=\"high\" decoding=\"async\" class=\"size-full wp-image-2902 alignleft\" src=\"https:\/\/www.portalalerta.com.br\/wp-content\/uploads\/2017\/11\/elab-2.jpg\" alt=\"\" width=\"310\" height=\"200\" srcset=\"https:\/\/www.portalalerta.com.br\/wp-content\/uploads\/2017\/11\/elab-2.jpg 310w, https:\/\/www.portalalerta.com.br\/wp-content\/uploads\/2017\/11\/elab-2-226x146.jpg 226w, https:\/\/www.portalalerta.com.br\/wp-content\/uploads\/2017\/11\/elab-2-50x32.jpg 50w, https:\/\/www.portalalerta.com.br\/wp-content\/uploads\/2017\/11\/elab-2-116x75.jpg 116w\" sizes=\"(max-width: 310px) 100vw, 310px\" \/>\u201cIsso vai dar uma liberdade maior para quando os alunos voltarem. Podemos, mais \u00e0 frente, colocar um sexto tempo, usar alguns s\u00e1bados letivos com sexto tempo tamb\u00e9m. Ao mesmo tempo, podemos contar com as nossas aulas remotas vinculantes que est\u00e3o contando como aulas realmente no calend\u00e1rio escolar\u201d, disse Cec\u00edlia.<\/p>\n<p style=\"text-align: justify;\">Os estados s\u00e3o respons\u00e1veis, principalmente, pela oferta do ensino m\u00e9dio. Eles tamb\u00e9m ofertam os anos finais do ensino fundamental, etapa que vai do 6\u00ba ao 9\u00ba ano.<\/p>\n<p style=\"text-align: justify;\"><em>Fonte: R\u00e1dio Povo <\/em><\/p>\n<p style=\"text-align: justify;\"><em>Com informa\u00e7\u00f5es: Metro1<\/em><\/p>\n","protected":false},"excerpt":{"rendered":"<p>O governo federal publicou nesta semana a medida provis\u00f3ria (MP) que permite que as escolas tenham menos de 200 dias letivos no ano, desde que garantam, no m\u00ednimo, 800 horas de ensino na educa\u00e7\u00e3o infantil, no ensino fundamental e no ensino m\u00e9dio. A flexibiliza\u00e7\u00e3o dever\u00e1 observar as normas dos respectivos sistemas de ensino, ou seja, &hellip;<\/p>\n","protected":false},"author":2,"featured_media":3347,"comment_status":"open","ping_status":"open","sticky":false,"template":"","format":"standard","meta":{"om_disable_all_campaigns":false,"_monsterinsights_skip_tracking":false,"_monsterinsights_sitenote_active":false,"_monsterinsights_sitenote_note":"","_monsterinsights_sitenote_category":0,"footnotes":""},"categories":[34,70,20,69,19],"tags":[1154,93,3429,3486,140,249,61],"class_list":["post-23086","post","type-post","status-publish","format-standard","has-post-thumbnail","hentry","category-brasil","category-destaques","category-educacao","category-noticias2","category-saude","tag-aulas","tag-brasil","tag-coronavirus","tag-covid-19","tag-educacao","tag-governo-federal","tag-saude"],"aioseo_notices":[],"_links":{"self":[{"href":"https:\/\/www.portalalerta.com.br\/index.php\/wp-json\/wp\/v2\/posts\/23086","targetHints":{"allow":["GET"]}}],"collection":[{"href":"https:\/\/www.portalalerta.com.br\/index.php\/wp-json\/wp\/v2\/posts"}],"about":[{"href":"https:\/\/www.portalalerta.com.br\/index.php\/wp-json\/wp\/v2\/types\/post"}],"author":[{"embeddable":true,"href":"https:\/\/www.portalalerta.com.br\/index.php\/wp-json\/wp\/v2\/users\/2"}],"replies":[{"embeddable":true,"href":"https:\/\/www.portalalerta.com.br\/index.php\/wp-json\/wp\/v2\/comments?post=23086"}],"version-history":[{"count":1,"href":"https:\/\/www.portalalerta.com.br\/index.php\/wp-json\/wp\/v2\/posts\/23086\/revisions"}],"predecessor-version":[{"id":23087,"href":"https:\/\/www.portalalerta.com.br\/index.php\/wp-json\/wp\/v2\/posts\/23086\/revisions\/23087"}],"wp:featuredmedia":[{"embeddable":true,"href":"https:\/\/www.portalalerta.com.br\/index.php\/wp-json\/wp\/v2\/media\/3347"}],"wp:attachment":[{"href":"https:\/\/www.portalalerta.com.br\/index.php\/wp-json\/wp\/v2\/media?parent=23086"}],"wp:term":[{"taxonomy":"category","embeddable":true,"href":"https:\/\/www.portalalerta.com.br\/index.php\/wp-json\/wp\/v2\/categories?post=23086"},{"taxonomy":"post_tag","embeddable":true,"href":"https:\/\/www.portalalerta.com.br\/index.php\/wp-json\/wp\/v2\/tags?post=23086"}],"curies":[{"name":"wp","href":"https:\/\/api.w.org\/{rel}","templated":true}]}}