{"id":23092,"date":"2020-04-07T20:13:19","date_gmt":"2020-04-07T23:13:19","guid":{"rendered":"https:\/\/www.portalalerta.com.br\/?p=23092"},"modified":"2020-04-07T20:13:19","modified_gmt":"2020-04-07T23:13:19","slug":"brasil-tem-667-mortes-e-13-717-casos-confirmados-de-covid-19-diz-ministerio-da-saude","status":"publish","type":"post","link":"https:\/\/www.portalalerta.com.br\/index.php\/2020\/04\/07\/brasil-tem-667-mortes-e-13-717-casos-confirmados-de-covid-19-diz-ministerio-da-saude\/","title":{"rendered":"Brasil tem 667 mortes e 13.717 casos confirmados de Covid-19, diz Minist\u00e9rio da Sa\u00fade"},"content":{"rendered":"<p style=\"text-align: justify;\">O Minist\u00e9rio da Sa\u00fade atualizou para 667 o n\u00famero de mortes em decorr\u00eancia do\u00a0novo coronav\u00edrus\u00a0no Brasil nesta segunda-feira (6). Ao todo, tamb\u00e9m foram confirmados 13.717 casos da Covid-19 no pa\u00eds. A taxa de letalidade \u00e9 de 4,9%.<!--more--><\/p>\n<p style=\"text-align: justify;\">No balan\u00e7o divulgado na segunda-feira (6), o Brasil contabilizava\u00a0553 mortes e 12.056 casos\u00a0confirmados de pessoas infectadas pelo novo coronav\u00edrus. Foram registradas 114 novas mortes nas \u00faltimas 24 horas, um aumento de 21%.<\/p>\n<p style=\"text-align: justify;\">O minist\u00e9rio, por\u00e9m, tem informado que o n\u00famero real de casos tende a ser maior, j\u00e1 que s\u00e3o testados apenas os casos graves, de pacientes internados em hospitais, e h\u00e1 casos represados \u00e0 espera de confirma\u00e7\u00e3o.<\/p>\n<p style=\"text-align: justify;\"><img fetchpriority=\"high\" decoding=\"async\" class=\"size-thumbnail wp-image-18400 aligncenter\" src=\"https:\/\/www.portalalerta.com.br\/wp-content\/uploads\/2019\/07\/Real-Estilo-e-Voc\u00ea-633x240.jpeg\" alt=\"\" width=\"633\" height=\"240\" srcset=\"https:\/\/www.portalalerta.com.br\/wp-content\/uploads\/2019\/07\/Real-Estilo-e-Voc\u00ea-633x240.jpeg 633w, https:\/\/www.portalalerta.com.br\/wp-content\/uploads\/2019\/07\/Real-Estilo-e-Voc\u00ea-260x99.jpeg 260w, https:\/\/www.portalalerta.com.br\/wp-content\/uploads\/2019\/07\/Real-Estilo-e-Voc\u00ea-50x19.jpeg 50w, https:\/\/www.portalalerta.com.br\/wp-content\/uploads\/2019\/07\/Real-Estilo-e-Voc\u00ea-150x57.jpeg 150w, https:\/\/www.portalalerta.com.br\/wp-content\/uploads\/2019\/07\/Real-Estilo-e-Voc\u00ea.jpeg 720w\" sizes=\"(max-width: 633px) 100vw, 633px\" \/>S\u00e3o Paulo se mant\u00e9m como o estado mais atingido pelo novo coronav\u00edrus.<\/p>\n<p style=\"text-align: justify;\">Seguindo boletim do Minist\u00e9rio da Sa\u00fade divulgado no s\u00e1bado (4), a transmiss\u00e3o no pa\u00eds est\u00e1 em fase inicial, mas a alta incid\u00eancia de casos em quatro estados (S\u00e3o Paulo, Rio de Janeiro, Cear\u00e1 e Amazonas) e no Distrito Federal j\u00e1 indica uma transi\u00e7\u00e3o para fase de acelera\u00e7\u00e3o descontrolada nesses locais.<\/p>\n<p style=\"text-align: justify;\">No documento, a pasta faz uma revis\u00e3o da trajet\u00f3ria do v\u00edrus e reconhece gargalos diante de uma poss\u00edvel fase aguda da epidemia, como a falta de testes e leitos suficientes.<\/p>\n<p style=\"text-align: justify;\">O Brasil confirmou o primeiro caso de Covid-19 em 26 de fevereiro. Um homem de 61 anos de S\u00e3o Paulo contraiu o coronav\u00edrus em viagem \u00e0 It\u00e1lia, que tem alta taxa de casos da doen\u00e7a.<\/p>\n<p style=\"text-align: justify;\">A primeira morte foi confirmada 20 dias depois, em 17 de mar\u00e7o. O paciente era um homem de 62 anos que tinha diabetes e hipertens\u00e3o. Ele estava internado na UTI do Hospital Sancta Maggiore Para\u00edso desde o dia 14 e morreu no dia 16. Ele n\u00e3o tinha hist\u00f3rico de viagem para o exterior.<\/p>\n<p style=\"text-align: justify;\"><em>Fonte: Yahoo Not\u00edcias<\/em><\/p>\n","protected":false},"excerpt":{"rendered":"<p>O Minist\u00e9rio da Sa\u00fade atualizou para 667 o n\u00famero de mortes em decorr\u00eancia do\u00a0novo coronav\u00edrus\u00a0no Brasil nesta segunda-feira (6). Ao todo, tamb\u00e9m foram confirmados 13.717 casos da Covid-19 no pa\u00eds. A taxa de letalidade \u00e9 de 4,9%.<\/p>\n","protected":false},"author":2,"featured_media":22776,"comment_status":"open","ping_status":"open","sticky":false,"template":"","format":"standard","meta":{"om_disable_all_campaigns":false,"_monsterinsights_skip_tracking":false,"_monsterinsights_sitenote_active":false,"_monsterinsights_sitenote_note":"","_monsterinsights_sitenote_category":0,"footnotes":""},"categories":[34,70,69,19],"tags":[93,3429,3486,635,61],"class_list":["post-23092","post","type-post","status-publish","format-standard","has-post-thumbnail","hentry","category-brasil","category-destaques","category-noticias2","category-saude","tag-brasil","tag-coronavirus","tag-covid-19","tag-ministerio-da-saude","tag-saude"],"aioseo_notices":[],"_links":{"self":[{"href":"https:\/\/www.portalalerta.com.br\/index.php\/wp-json\/wp\/v2\/posts\/23092","targetHints":{"allow":["GET"]}}],"collection":[{"href":"https:\/\/www.portalalerta.com.br\/index.php\/wp-json\/wp\/v2\/posts"}],"about":[{"href":"https:\/\/www.portalalerta.com.br\/index.php\/wp-json\/wp\/v2\/types\/post"}],"author":[{"embeddable":true,"href":"https:\/\/www.portalalerta.com.br\/index.php\/wp-json\/wp\/v2\/users\/2"}],"replies":[{"embeddable":true,"href":"https:\/\/www.portalalerta.com.br\/index.php\/wp-json\/wp\/v2\/comments?post=23092"}],"version-history":[{"count":1,"href":"https:\/\/www.portalalerta.com.br\/index.php\/wp-json\/wp\/v2\/posts\/23092\/revisions"}],"predecessor-version":[{"id":23093,"href":"https:\/\/www.portalalerta.com.br\/index.php\/wp-json\/wp\/v2\/posts\/23092\/revisions\/23093"}],"wp:featuredmedia":[{"embeddable":true,"href":"https:\/\/www.portalalerta.com.br\/index.php\/wp-json\/wp\/v2\/media\/22776"}],"wp:attachment":[{"href":"https:\/\/www.portalalerta.com.br\/index.php\/wp-json\/wp\/v2\/media?parent=23092"}],"wp:term":[{"taxonomy":"category","embeddable":true,"href":"https:\/\/www.portalalerta.com.br\/index.php\/wp-json\/wp\/v2\/categories?post=23092"},{"taxonomy":"post_tag","embeddable":true,"href":"https:\/\/www.portalalerta.com.br\/index.php\/wp-json\/wp\/v2\/tags?post=23092"}],"curies":[{"name":"wp","href":"https:\/\/api.w.org\/{rel}","templated":true}]}}