{"id":23137,"date":"2020-04-08T22:33:30","date_gmt":"2020-04-09T01:33:30","guid":{"rendered":"https:\/\/www.portalalerta.com.br\/?p=23137"},"modified":"2020-04-08T22:33:30","modified_gmt":"2020-04-09T01:33:30","slug":"araci-ba-confirma-primeiro-caso-de-coronavirus-trata-se-de-um-obito-registrado-na-segunda-feira-06","status":"publish","type":"post","link":"https:\/\/www.portalalerta.com.br\/index.php\/2020\/04\/08\/araci-ba-confirma-primeiro-caso-de-coronavirus-trata-se-de-um-obito-registrado-na-segunda-feira-06\/","title":{"rendered":"Araci-BA confirma primeiro caso de Coronav\u00edrus; trata-se de um \u00f3bito registrado na segunda-feira (06)"},"content":{"rendered":"<p style=\"text-align: justify;\">Nesta quarta-feira (08), os rumores de um caso positivo de Coronav\u00edrus em Araci-BA foram confirmados. Trata-se, portanto, do primeiro caso no munic\u00edpio. A confirma\u00e7\u00e3o veio de um \u00f3bito que ocorreu nesta segunda-feira (06).<!--more--><\/p>\n<p style=\"text-align: justify;\"><img fetchpriority=\"high\" decoding=\"async\" class=\"size-thumbnail wp-image-4869 aligncenter\" src=\"https:\/\/www.portalalerta.com.br\/wp-content\/uploads\/2018\/02\/Auto-Escola-Nobre-720x181.jpg\" alt=\"\" width=\"720\" height=\"181\" srcset=\"https:\/\/www.portalalerta.com.br\/wp-content\/uploads\/2018\/02\/Auto-Escola-Nobre.jpg 720w, https:\/\/www.portalalerta.com.br\/wp-content\/uploads\/2018\/02\/Auto-Escola-Nobre-260x65.jpg 260w, https:\/\/www.portalalerta.com.br\/wp-content\/uploads\/2018\/02\/Auto-Escola-Nobre-50x13.jpg 50w, https:\/\/www.portalalerta.com.br\/wp-content\/uploads\/2018\/02\/Auto-Escola-Nobre-150x38.jpg 150w\" sizes=\"(max-width: 720px) 100vw, 720px\" \/>De acordo com o boletim da Vigil\u00e2ncia Epidemiol\u00f3gica da Secretaria de Sa\u00fade de Araci, <a href=\"https:\/\/www.portalalerta.com.br\/index.php\/2020\/04\/07\/secretaria-de-saude-aguarda-resultado-de-exame-para-confirmar-se-obito-registrado-em-araci-ba-tem-relacao-com-o-covid-19\/\"><strong>o \u00f3bito foi notificado como caso suspeito e foi feita a coleta do material para averigua\u00e7\u00e3o, que foi enviado para o Lacen<\/strong><\/a>. De acordo com o site A Voz do Campo, a secret\u00e1ria de sa\u00fade, Of\u00e9lia, confirmou que esse \u00f3bito deu positivo para COVID-19.<\/p>\n<p style=\"text-align: justify;\">A Prefeitura Municipal ainda n\u00e3o se manifestou oficialmente sobre o caso, mas o prefeito local, Silva Neto (PDT), manifestou-se com a confirma\u00e7\u00e3o deste caso na R\u00e1dio Comunit\u00e1ria local.<\/p>\n<p style=\"text-align: justify;\"><em>Fonte: A Voz do Campo<\/em><\/p>\n","protected":false},"excerpt":{"rendered":"<p>Nesta quarta-feira (08), os rumores de um caso positivo de Coronav\u00edrus em Araci-BA foram confirmados. Trata-se, portanto, do primeiro caso no munic\u00edpio. A confirma\u00e7\u00e3o veio de um \u00f3bito que ocorreu nesta segunda-feira (06).<\/p>\n","protected":false},"author":2,"featured_media":21912,"comment_status":"open","ping_status":"open","sticky":false,"template":"","format":"standard","meta":{"om_disable_all_campaigns":false,"_monsterinsights_skip_tracking":false,"_monsterinsights_sitenote_active":false,"_monsterinsights_sitenote_note":"","_monsterinsights_sitenote_category":0,"footnotes":""},"categories":[41,70,69,32,19],"tags":[48,3429,3486,169,61],"class_list":["post-23137","post","type-post","status-publish","format-standard","has-post-thumbnail","hentry","category-araci","category-destaques","category-noticias2","category-regiao","category-saude","tag-araci","tag-coronavirus","tag-covid-19","tag-morte","tag-saude"],"aioseo_notices":[],"_links":{"self":[{"href":"https:\/\/www.portalalerta.com.br\/index.php\/wp-json\/wp\/v2\/posts\/23137","targetHints":{"allow":["GET"]}}],"collection":[{"href":"https:\/\/www.portalalerta.com.br\/index.php\/wp-json\/wp\/v2\/posts"}],"about":[{"href":"https:\/\/www.portalalerta.com.br\/index.php\/wp-json\/wp\/v2\/types\/post"}],"author":[{"embeddable":true,"href":"https:\/\/www.portalalerta.com.br\/index.php\/wp-json\/wp\/v2\/users\/2"}],"replies":[{"embeddable":true,"href":"https:\/\/www.portalalerta.com.br\/index.php\/wp-json\/wp\/v2\/comments?post=23137"}],"version-history":[{"count":2,"href":"https:\/\/www.portalalerta.com.br\/index.php\/wp-json\/wp\/v2\/posts\/23137\/revisions"}],"predecessor-version":[{"id":23139,"href":"https:\/\/www.portalalerta.com.br\/index.php\/wp-json\/wp\/v2\/posts\/23137\/revisions\/23139"}],"wp:featuredmedia":[{"embeddable":true,"href":"https:\/\/www.portalalerta.com.br\/index.php\/wp-json\/wp\/v2\/media\/21912"}],"wp:attachment":[{"href":"https:\/\/www.portalalerta.com.br\/index.php\/wp-json\/wp\/v2\/media?parent=23137"}],"wp:term":[{"taxonomy":"category","embeddable":true,"href":"https:\/\/www.portalalerta.com.br\/index.php\/wp-json\/wp\/v2\/categories?post=23137"},{"taxonomy":"post_tag","embeddable":true,"href":"https:\/\/www.portalalerta.com.br\/index.php\/wp-json\/wp\/v2\/tags?post=23137"}],"curies":[{"name":"wp","href":"https:\/\/api.w.org\/{rel}","templated":true}]}}