{"id":23387,"date":"2020-04-18T15:29:55","date_gmt":"2020-04-18T18:29:55","guid":{"rendered":"https:\/\/www.portalalerta.com.br\/?p=23387"},"modified":"2020-04-18T15:29:55","modified_gmt":"2020-04-18T18:29:55","slug":"jovem-e-assassinado-a-tiros-no-distrito-de-caldas-do-jorro-em-tucano-ba","status":"publish","type":"post","link":"https:\/\/www.portalalerta.com.br\/index.php\/2020\/04\/18\/jovem-e-assassinado-a-tiros-no-distrito-de-caldas-do-jorro-em-tucano-ba\/","title":{"rendered":"Jovem \u00e9 assassinado \u00e0 tiros no Distrito de Caldas do Jorro, em Tucano-BA"},"content":{"rendered":"<p style=\"text-align: justify;\">Raul Silva Reis, de 21 anos, morreu na noite desta sexta-feira, 17, v\u00edtima de disparos de arma de fogo. O crime aconteceu por volta das 19:35hs, na avenida Cl\u00e9riston Andrade, no Distrito de Caldas do Jorro, no referido munic\u00edpio.<!--more--><\/p>\n<p style=\"text-align: justify;\">De acordo com as informa\u00e7\u00f5es, \u201cRaul\u201d como era conhecido, seguia pela referida avenida, quando foi surpreendido\u00a0 por dois desconhecidos, que usavam capacete e estavam a bordo de uma motocicleta de cor preta e demais dados n\u00e3o anotados. Ainda de acordo com as informa\u00e7\u00f5es, os criminosos se aproximaram da v\u00edtima e passaram a efetuar disparos de arma de fogo.<\/p>\n<p style=\"text-align: justify;\"><img fetchpriority=\"high\" decoding=\"async\" class=\"size-thumbnail wp-image-4869 aligncenter\" src=\"https:\/\/www.portalalerta.com.br\/wp-content\/uploads\/2018\/02\/Auto-Escola-Nobre-720x181.jpg\" alt=\"\" width=\"720\" height=\"181\" srcset=\"https:\/\/www.portalalerta.com.br\/wp-content\/uploads\/2018\/02\/Auto-Escola-Nobre.jpg 720w, https:\/\/www.portalalerta.com.br\/wp-content\/uploads\/2018\/02\/Auto-Escola-Nobre-260x65.jpg 260w, https:\/\/www.portalalerta.com.br\/wp-content\/uploads\/2018\/02\/Auto-Escola-Nobre-50x13.jpg 50w, https:\/\/www.portalalerta.com.br\/wp-content\/uploads\/2018\/02\/Auto-Escola-Nobre-150x38.jpg 150w\" sizes=\"(max-width: 720px) 100vw, 720px\" \/>Informa\u00e7\u00f5es ainda d\u00e3o conta que o rapaz tentou correr para escapar dos tiros, por\u00e9m sem \u00eaxito. Ele [Raul] foi atingido em v\u00e1rias partes do corpo por disparos de pistola 9mm e morreu no local.<\/p>\n<p style=\"text-align: justify;\">Informa\u00e7\u00f5es d\u00e3o conta que, o jovem tinha envolvimento com o tr\u00e1fico de drogas e a suspeita \u00e9 que, sua morte, tenha sido um acerto de contas.<\/p>\n<figure id=\"attachment_23388\" aria-describedby=\"caption-attachment-23388\" style=\"width: 720px\" class=\"wp-caption aligncenter\"><img decoding=\"async\" class=\"wp-image-23388 size-full\" src=\"https:\/\/www.portalalerta.com.br\/wp-content\/uploads\/2020\/04\/homic\u00eddio-em-Tucano-2020.2.jpg\" alt=\"\" width=\"720\" height=\"560\" srcset=\"https:\/\/www.portalalerta.com.br\/wp-content\/uploads\/2020\/04\/homic\u00eddio-em-Tucano-2020.2.jpg 720w, https:\/\/www.portalalerta.com.br\/wp-content\/uploads\/2020\/04\/homic\u00eddio-em-Tucano-2020.2-309x240.jpg 309w, https:\/\/www.portalalerta.com.br\/wp-content\/uploads\/2020\/04\/homic\u00eddio-em-Tucano-2020.2-188x146.jpg 188w, https:\/\/www.portalalerta.com.br\/wp-content\/uploads\/2020\/04\/homic\u00eddio-em-Tucano-2020.2-50x39.jpg 50w, https:\/\/www.portalalerta.com.br\/wp-content\/uploads\/2020\/04\/homic\u00eddio-em-Tucano-2020.2-96x75.jpg 96w\" sizes=\"(max-width: 720px) 100vw, 720px\" \/><figcaption id=\"caption-attachment-23388\" class=\"wp-caption-text\">Raul foi assassinado \u00e0 tiros de pistola cal. 9mm<\/figcaption><\/figure>\n<p style=\"text-align: justify;\">O corpo da v\u00edtima foi periciado e em seguida, removido para o Departamento de Pol\u00edcia T\u00e9cnica (DPT de Euclides da Cunha), para ser necropsiado.<\/p>\n<p style=\"text-align: justify;\"><em>Fonte: Gil Santos<\/em><\/p>\n","protected":false},"excerpt":{"rendered":"<p>Raul Silva Reis, de 21 anos, morreu na noite desta sexta-feira, 17, v\u00edtima de disparos de arma de fogo. O crime aconteceu por volta das 19:35hs, na avenida Cl\u00e9riston Andrade, no Distrito de Caldas do Jorro, no referido munic\u00edpio.<\/p>\n","protected":false},"author":2,"featured_media":23389,"comment_status":"open","ping_status":"open","sticky":false,"template":"","format":"standard","meta":{"om_disable_all_campaigns":false,"_monsterinsights_skip_tracking":false,"_monsterinsights_sitenote_active":false,"_monsterinsights_sitenote_note":"","_monsterinsights_sitenote_category":0,"footnotes":""},"categories":[70,69,32,22,12],"tags":[128,206,169,190],"class_list":["post-23387","post","type-post","status-publish","format-standard","has-post-thumbnail","hentry","category-destaques","category-noticias2","category-regiao","category-seguranca","category-tucano","tag-disparo-de-arma-de-fogo","tag-homicidio","tag-morte","tag-tucano"],"aioseo_notices":[],"_links":{"self":[{"href":"https:\/\/www.portalalerta.com.br\/index.php\/wp-json\/wp\/v2\/posts\/23387","targetHints":{"allow":["GET"]}}],"collection":[{"href":"https:\/\/www.portalalerta.com.br\/index.php\/wp-json\/wp\/v2\/posts"}],"about":[{"href":"https:\/\/www.portalalerta.com.br\/index.php\/wp-json\/wp\/v2\/types\/post"}],"author":[{"embeddable":true,"href":"https:\/\/www.portalalerta.com.br\/index.php\/wp-json\/wp\/v2\/users\/2"}],"replies":[{"embeddable":true,"href":"https:\/\/www.portalalerta.com.br\/index.php\/wp-json\/wp\/v2\/comments?post=23387"}],"version-history":[{"count":1,"href":"https:\/\/www.portalalerta.com.br\/index.php\/wp-json\/wp\/v2\/posts\/23387\/revisions"}],"predecessor-version":[{"id":23390,"href":"https:\/\/www.portalalerta.com.br\/index.php\/wp-json\/wp\/v2\/posts\/23387\/revisions\/23390"}],"wp:featuredmedia":[{"embeddable":true,"href":"https:\/\/www.portalalerta.com.br\/index.php\/wp-json\/wp\/v2\/media\/23389"}],"wp:attachment":[{"href":"https:\/\/www.portalalerta.com.br\/index.php\/wp-json\/wp\/v2\/media?parent=23387"}],"wp:term":[{"taxonomy":"category","embeddable":true,"href":"https:\/\/www.portalalerta.com.br\/index.php\/wp-json\/wp\/v2\/categories?post=23387"},{"taxonomy":"post_tag","embeddable":true,"href":"https:\/\/www.portalalerta.com.br\/index.php\/wp-json\/wp\/v2\/tags?post=23387"}],"curies":[{"name":"wp","href":"https:\/\/api.w.org\/{rel}","templated":true}]}}