{"id":23704,"date":"2020-04-29T14:51:37","date_gmt":"2020-04-29T17:51:37","guid":{"rendered":"https:\/\/www.portalalerta.com.br\/?p=23704"},"modified":"2020-04-29T14:51:37","modified_gmt":"2020-04-29T17:51:37","slug":"justica-federal-suspende-pagamento-de-fies-durante-pandemia-decisao-e-inedita-na-bahia","status":"publish","type":"post","link":"https:\/\/www.portalalerta.com.br\/index.php\/2020\/04\/29\/justica-federal-suspende-pagamento-de-fies-durante-pandemia-decisao-e-inedita-na-bahia\/","title":{"rendered":"Justi\u00e7a Federal suspende pagamento de Fies durante pandemia; decis\u00e3o \u00e9 in\u00e9dita na Bahia"},"content":{"rendered":"<p style=\"text-align: justify;\">A\u00a0Justi\u00e7a Federal na Bahia suspendeu o pagamento das parcelas do\u00a0Fundo de Financiamento Estudantil (Fies) por conta da pandemia do novo\u00a0coronav\u00edrus.\u00a0 O pedido foi feito pela advogada Carolina Galv\u00e3o em uma tutela de urg\u00eancia no \u00faltimo dia 22 deste m\u00eas para atender uma cliente, ex-estudante de Direito que passa por dificuldades financeiras em decorr\u00eancia do Covid-19.\u00a0<!--more--><\/p>\n<p style=\"text-align: justify;\"><img fetchpriority=\"high\" decoding=\"async\" class=\"size-full wp-image-2902 alignleft\" src=\"https:\/\/www.portalalerta.com.br\/wp-content\/uploads\/2017\/11\/elab-2.jpg\" alt=\"\" width=\"310\" height=\"200\" srcset=\"https:\/\/www.portalalerta.com.br\/wp-content\/uploads\/2017\/11\/elab-2.jpg 310w, https:\/\/www.portalalerta.com.br\/wp-content\/uploads\/2017\/11\/elab-2-226x146.jpg 226w, https:\/\/www.portalalerta.com.br\/wp-content\/uploads\/2017\/11\/elab-2-50x32.jpg 50w, https:\/\/www.portalalerta.com.br\/wp-content\/uploads\/2017\/11\/elab-2-116x75.jpg 116w\" sizes=\"(max-width: 310px) 100vw, 310px\" \/>\u201cEm virtude do Covid-19, a situa\u00e7\u00e3o financeira da minha cliente \u00e9 inst\u00e1vel, tendo sido diretamente afetada neste per\u00edodo. Os clientes que ela atende, em sua maioria, s\u00e3o pessoas que t\u00eam pouco poder aquisitivo e tamb\u00e9m sentem os impactos. Motivo pelo qual ela n\u00e3o conseguiu honrar o compromisso do pagamento da parcela do financiamento relativo ao m\u00eas de mar\u00e7o e n\u00e3o vislumbra a possibilidade de pagamento das demais\u201d, afirmou,<\/p>\n<p style=\"text-align: justify;\">Ao deferir a liminar, a ju\u00edza federal da 14\u00aa vara, Cynthia de Ara\u00fajo Lima Lopes, afirma que a situa\u00e7\u00e3o vivida \u00e9 \u201cexcepcional\u201d e que medidas tomadas pelo governo federal apontam para a necessidade de \u201cdesonerar\u201d o cidad\u00e3o. Na medida, ela determinou que o pagamento seja suspenso desde o dia 15 de mar\u00e7o at\u00e9 quando durar a calamidade p\u00fablica.<\/p>\n<p style=\"text-align: justify;\">Apesar da decis\u00e3o valer para uma \u00fanica pessoa, o fato pode criar um precedente jur\u00eddico para outras decis\u00f5es em casos similares.\u00a0 No come\u00e7o do m\u00eas, o Senado aprovou a suspens\u00e3o das cobran\u00e7as das parcelas do Fies a estudantes e rec\u00e9m-formados que estavam com o pagamento em dia antes da vig\u00eancia do estado de calamidade p\u00fablica decorrente do Covid-19. A medida ainda n\u00e3o foi votada na C\u00e2mara dos Deputados.<\/p>\n","protected":false},"excerpt":{"rendered":"<p>A\u00a0Justi\u00e7a Federal na Bahia suspendeu o pagamento das parcelas do\u00a0Fundo de Financiamento Estudantil (Fies) por conta da pandemia do novo\u00a0coronav\u00edrus.\u00a0 O pedido foi feito pela advogada Carolina Galv\u00e3o em uma tutela de urg\u00eancia no \u00faltimo dia 22 deste m\u00eas para atender uma cliente, ex-estudante de Direito que passa por dificuldades financeiras em decorr\u00eancia do Covid-19.\u00a0<\/p>\n","protected":false},"author":2,"featured_media":9241,"comment_status":"open","ping_status":"open","sticky":false,"template":"","format":"standard","meta":{"om_disable_all_campaigns":false,"_monsterinsights_skip_tracking":false,"_monsterinsights_sitenote_active":false,"_monsterinsights_sitenote_note":"","_monsterinsights_sitenote_category":0,"footnotes":""},"categories":[33,34,70,20,69,19],"tags":[54,93,140,1388,543],"class_list":["post-23704","post","type-post","status-publish","format-standard","has-post-thumbnail","hentry","category-bahia","category-brasil","category-destaques","category-educacao","category-noticias2","category-saude","tag-bahia","tag-brasil","tag-educacao","tag-fies","tag-justica-federal"],"aioseo_notices":[],"_links":{"self":[{"href":"https:\/\/www.portalalerta.com.br\/index.php\/wp-json\/wp\/v2\/posts\/23704","targetHints":{"allow":["GET"]}}],"collection":[{"href":"https:\/\/www.portalalerta.com.br\/index.php\/wp-json\/wp\/v2\/posts"}],"about":[{"href":"https:\/\/www.portalalerta.com.br\/index.php\/wp-json\/wp\/v2\/types\/post"}],"author":[{"embeddable":true,"href":"https:\/\/www.portalalerta.com.br\/index.php\/wp-json\/wp\/v2\/users\/2"}],"replies":[{"embeddable":true,"href":"https:\/\/www.portalalerta.com.br\/index.php\/wp-json\/wp\/v2\/comments?post=23704"}],"version-history":[{"count":1,"href":"https:\/\/www.portalalerta.com.br\/index.php\/wp-json\/wp\/v2\/posts\/23704\/revisions"}],"predecessor-version":[{"id":23705,"href":"https:\/\/www.portalalerta.com.br\/index.php\/wp-json\/wp\/v2\/posts\/23704\/revisions\/23705"}],"wp:featuredmedia":[{"embeddable":true,"href":"https:\/\/www.portalalerta.com.br\/index.php\/wp-json\/wp\/v2\/media\/9241"}],"wp:attachment":[{"href":"https:\/\/www.portalalerta.com.br\/index.php\/wp-json\/wp\/v2\/media?parent=23704"}],"wp:term":[{"taxonomy":"category","embeddable":true,"href":"https:\/\/www.portalalerta.com.br\/index.php\/wp-json\/wp\/v2\/categories?post=23704"},{"taxonomy":"post_tag","embeddable":true,"href":"https:\/\/www.portalalerta.com.br\/index.php\/wp-json\/wp\/v2\/tags?post=23704"}],"curies":[{"name":"wp","href":"https:\/\/api.w.org\/{rel}","templated":true}]}}