{"id":23706,"date":"2020-04-29T14:57:57","date_gmt":"2020-04-29T17:57:57","guid":{"rendered":"https:\/\/www.portalalerta.com.br\/?p=23706"},"modified":"2020-04-29T14:57:57","modified_gmt":"2020-04-29T17:57:57","slug":"apos-16-anos-acude-de-adustina-ba-volta-a-transbordar","status":"publish","type":"post","link":"https:\/\/www.portalalerta.com.br\/index.php\/2020\/04\/29\/apos-16-anos-acude-de-adustina-ba-volta-a-transbordar\/","title":{"rendered":"Ap\u00f3s 16 anos A\u00e7ude de Adustina (BA) volta a transbordar"},"content":{"rendered":"<p style=\"text-align: justify;\">O a\u00e7ude p\u00fablico de Adustina-BA constru\u00eddo na d\u00e9cada de 60 e respons\u00e1vel pela oferta de \u00e1gua e peixes para as comunidades de Bom Jesus e Bela Vista, no norte do estado, sofreu bastante com a estiagem da regi\u00e3o atingindo o n\u00edvel mais cr\u00edtico de sua hist\u00f3ria, tornando-se completamente seco por um bom tempo.\u00a0<!--more--><\/p>\n<p style=\"text-align: justify;\">Os efeitos da seca o castigaram centenas de peixes morreram por conta da forte estiagem no a\u00e7ude da regi\u00e3o. Constru\u00eddo pelo Departamento Nacional de Obras Contra as Secas (DNOCS), o a\u00e7ude \u00e9 o sustento de muitas fam\u00edlias da regi\u00e3o.<\/p>\n<p style=\"text-align: justify;\"><img fetchpriority=\"high\" decoding=\"async\" class=\"size-thumbnail wp-image-23589 aligncenter\" src=\"https:\/\/www.portalalerta.com.br\/wp-content\/uploads\/2020\/04\/real-acordo-720x93.jpg\" alt=\"\" width=\"720\" height=\"93\" \/>Devido \u00e0 forte seca, as \u00e1guas desapareceram e a lama tomou conta do local. Com isso, o pouco volume de \u00e1gua n\u00e3o sustentou a oxigena\u00e7\u00e3o dos peixes que acabaram morrendo. Esse momento hist\u00f3rico os adustinenses nunca ir\u00e3o esquecer, momento que chamou aten\u00e7\u00e3o at\u00e9 mesmo da imprensa nacional.<\/p>\n<p style=\"text-align: justify;\">Sebasti\u00e3o Jos\u00e9 dos Santos, de 70 anos, acompanhou boa parte da constru\u00e7\u00e3o do a\u00e7ude e trabalhou no DNOCS (Departamento Nacional de Obras Contra a Seca) entre 1963 e 1967, est\u00e1 convencido de que o a\u00e7ude chegou \u00e0 situa\u00e7\u00e3o cr\u00edtica tamb\u00e9m por culpa da falta de manuten\u00e7\u00e3o.<\/p>\n<figure id=\"attachment_23707\" aria-describedby=\"caption-attachment-23707\" style=\"width: 500px\" class=\"wp-caption aligncenter\"><img decoding=\"async\" class=\"wp-image-23707 size-full\" src=\"https:\/\/www.portalalerta.com.br\/wp-content\/uploads\/2020\/04\/A\u00e7ude-de-Adustina-2020.1.jpg\" alt=\"\" width=\"500\" height=\"350\" srcset=\"https:\/\/www.portalalerta.com.br\/wp-content\/uploads\/2020\/04\/A\u00e7ude-de-Adustina-2020.1.jpg 500w, https:\/\/www.portalalerta.com.br\/wp-content\/uploads\/2020\/04\/A\u00e7ude-de-Adustina-2020.1-343x240.jpg 343w, https:\/\/www.portalalerta.com.br\/wp-content\/uploads\/2020\/04\/A\u00e7ude-de-Adustina-2020.1-209x146.jpg 209w, https:\/\/www.portalalerta.com.br\/wp-content\/uploads\/2020\/04\/A\u00e7ude-de-Adustina-2020.1-50x35.jpg 50w, https:\/\/www.portalalerta.com.br\/wp-content\/uploads\/2020\/04\/A\u00e7ude-de-Adustina-2020.1-107x75.jpg 107w\" sizes=\"(max-width: 500px) 100vw, 500px\" \/><figcaption id=\"caption-attachment-23707\" class=\"wp-caption-text\">Peixes morreram em decorr\u00eancia da falta de oxig\u00eanio na \u00e1gua<\/figcaption><\/figure>\n<p style=\"text-align: justify;\">No \u00faltimo domingo, 26, com as chuvas que ca\u00edram em solo adustinense, a esperan\u00e7a renasceu nos cora\u00e7\u00f5es dos sertanejos.<\/p>\n<p style=\"text-align: justify;\">A sangria do a\u00e7ude \u00e9 a certeza de que n\u00e3o haver\u00e1 sede nem fome em uma das cidades mais secas da Bahia. Pequenos e grandes produtores rurais da \u00e1rea voltam a ter confian\u00e7a de aumentar os rebanhos e planta\u00e7\u00f5es, a pesca se fortalece e uma cadeia de consequ\u00eancias positivas. O povo sertanejo volta a se sentir alegre e ganha for\u00e7a vital.<\/p>\n<figure id=\"attachment_23708\" aria-describedby=\"caption-attachment-23708\" style=\"width: 500px\" class=\"wp-caption aligncenter\"><img decoding=\"async\" class=\"wp-image-23708 size-full\" src=\"https:\/\/www.portalalerta.com.br\/wp-content\/uploads\/2020\/04\/A\u00e7ude-de-Adustina-2020.2.jpg\" alt=\"\" width=\"500\" height=\"400\" srcset=\"https:\/\/www.portalalerta.com.br\/wp-content\/uploads\/2020\/04\/A\u00e7ude-de-Adustina-2020.2.jpg 500w, https:\/\/www.portalalerta.com.br\/wp-content\/uploads\/2020\/04\/A\u00e7ude-de-Adustina-2020.2-300x240.jpg 300w, https:\/\/www.portalalerta.com.br\/wp-content\/uploads\/2020\/04\/A\u00e7ude-de-Adustina-2020.2-183x146.jpg 183w, https:\/\/www.portalalerta.com.br\/wp-content\/uploads\/2020\/04\/A\u00e7ude-de-Adustina-2020.2-50x40.jpg 50w, https:\/\/www.portalalerta.com.br\/wp-content\/uploads\/2020\/04\/A\u00e7ude-de-Adustina-2020.2-94x75.jpg 94w\" sizes=\"(max-width: 500px) 100vw, 500px\" \/><figcaption id=\"caption-attachment-23708\" class=\"wp-caption-text\">Popula\u00e7\u00e3o se fez \u00a0presente para prestigiar o a\u00e7ude transbordando<\/figcaption><\/figure>\n<p style=\"text-align: justify;\">\u00c9 assim que os mais de 17 mil habitantes de Adustina se sentem desde o domingo (26), quando o a\u00e7ude p\u00fablico ap\u00f3s 16 anos da \u00faltima enchente, transbordou. Mesmo em momento da Pandemia do Coronav\u00edrus, a popula\u00e7\u00e3o compareceu para registrar esse momento marcante.<\/p>\n<p style=\"text-align: justify;\">O a\u00e7ude p\u00fablico de Adustina foi constru\u00eddo na d\u00e9cada de 60 e sua obra durou cerca de 10 anos. Hoje encontra-se completamente cheio. Quando muitos acreditavam que n\u00e3o iriam v\u00ea este transbordar, Deus mostra que ele \u00e9 o \u00fanico soberano capaz de tudo, o Deus do imposs\u00edvel.<\/p>\n<p style=\"text-align: justify;\"><em>Fonte: Rodrygo Ferraz <\/em><br \/>\n<em><strong>#fiqueemcasa<\/strong><\/em><\/p>\n","protected":false},"excerpt":{"rendered":"<p>O a\u00e7ude p\u00fablico de Adustina-BA constru\u00eddo na d\u00e9cada de 60 e respons\u00e1vel pela oferta de \u00e1gua e peixes para as comunidades de Bom Jesus e Bela Vista, no norte do estado, sofreu bastante com a estiagem da regi\u00e3o atingindo o n\u00edvel mais cr\u00edtico de sua hist\u00f3ria, tornando-se completamente seco por um bom tempo.\u00a0<\/p>\n","protected":false},"author":2,"featured_media":23709,"comment_status":"open","ping_status":"open","sticky":false,"template":"","format":"standard","meta":{"om_disable_all_campaigns":false,"_monsterinsights_skip_tracking":false,"_monsterinsights_sitenote_active":false,"_monsterinsights_sitenote_note":"","_monsterinsights_sitenote_category":0,"footnotes":""},"categories":[40,70,69,32],"tags":[2079,100,1977],"class_list":["post-23706","post","type-post","status-publish","format-standard","has-post-thumbnail","hentry","category-adustina","category-destaques","category-noticias2","category-regiao","tag-acude","tag-adustina","tag-chuvas"],"aioseo_notices":[],"_links":{"self":[{"href":"https:\/\/www.portalalerta.com.br\/index.php\/wp-json\/wp\/v2\/posts\/23706","targetHints":{"allow":["GET"]}}],"collection":[{"href":"https:\/\/www.portalalerta.com.br\/index.php\/wp-json\/wp\/v2\/posts"}],"about":[{"href":"https:\/\/www.portalalerta.com.br\/index.php\/wp-json\/wp\/v2\/types\/post"}],"author":[{"embeddable":true,"href":"https:\/\/www.portalalerta.com.br\/index.php\/wp-json\/wp\/v2\/users\/2"}],"replies":[{"embeddable":true,"href":"https:\/\/www.portalalerta.com.br\/index.php\/wp-json\/wp\/v2\/comments?post=23706"}],"version-history":[{"count":1,"href":"https:\/\/www.portalalerta.com.br\/index.php\/wp-json\/wp\/v2\/posts\/23706\/revisions"}],"predecessor-version":[{"id":23710,"href":"https:\/\/www.portalalerta.com.br\/index.php\/wp-json\/wp\/v2\/posts\/23706\/revisions\/23710"}],"wp:featuredmedia":[{"embeddable":true,"href":"https:\/\/www.portalalerta.com.br\/index.php\/wp-json\/wp\/v2\/media\/23709"}],"wp:attachment":[{"href":"https:\/\/www.portalalerta.com.br\/index.php\/wp-json\/wp\/v2\/media?parent=23706"}],"wp:term":[{"taxonomy":"category","embeddable":true,"href":"https:\/\/www.portalalerta.com.br\/index.php\/wp-json\/wp\/v2\/categories?post=23706"},{"taxonomy":"post_tag","embeddable":true,"href":"https:\/\/www.portalalerta.com.br\/index.php\/wp-json\/wp\/v2\/tags?post=23706"}],"curies":[{"name":"wp","href":"https:\/\/api.w.org\/{rel}","templated":true}]}}