{"id":23711,"date":"2020-04-29T15:13:32","date_gmt":"2020-04-29T18:13:32","guid":{"rendered":"https:\/\/www.portalalerta.com.br\/?p=23711"},"modified":"2020-04-29T15:13:32","modified_gmt":"2020-04-29T18:13:32","slug":"vale-alimentacao-ja-foi-entregue-a-mais-de-179-mil-estudantes-da-rede-estadual-de-ensino","status":"publish","type":"post","link":"https:\/\/www.portalalerta.com.br\/index.php\/2020\/04\/29\/vale-alimentacao-ja-foi-entregue-a-mais-de-179-mil-estudantes-da-rede-estadual-de-ensino\/","title":{"rendered":"Vale-alimenta\u00e7\u00e3o j\u00e1 foi entregue a mais de 179 mil estudantes da rede estadual de ensino"},"content":{"rendered":"<p style=\"text-align: justify;\">Um total de 179.520 estudantes j\u00e1 receberam o vale-alimenta\u00e7\u00e3o, dados contabilizados at\u00e9 a \u00faltima segunda-feira (27), em Salvador e mais 21 cidades do interior que t\u00eam as redes Assa\u00ed e Cesta do Povo com lojas credenciadas<!--more--><\/p>\n<p style=\"text-align: justify;\">O benef\u00edcio, no valor de R$ 55 por estudante, est\u00e1 sendo entregue pelo Governo do Estado desde o dia 20 de abril, podendo ser retirado em qualquer dia da semana e enquanto durar o per\u00edodo de suspens\u00e3o das aulas. Dona Ana Rita, 44 anos, m\u00e3e de um estudante matriculado na Escola Estadual Fabiola Vital, em Feira de Santana, falou da import\u00e2ncia do benef\u00edcio. \u201cO vale-alimenta\u00e7\u00e3o vai ajudar muito a todos neste momento dif\u00edcil, al\u00e9m da entrega das m\u00e1scaras, que tamb\u00e9m achei muito importante. Estou satisfeita por isto que estar acontecendo\u201d, afirmou.<\/p>\n<p style=\"text-align: justify;\"><img fetchpriority=\"high\" decoding=\"async\" class=\"size-full wp-image-2902 alignleft\" src=\"https:\/\/www.portalalerta.com.br\/wp-content\/uploads\/2017\/11\/elab-2.jpg\" alt=\"\" width=\"310\" height=\"200\" srcset=\"https:\/\/www.portalalerta.com.br\/wp-content\/uploads\/2017\/11\/elab-2.jpg 310w, https:\/\/www.portalalerta.com.br\/wp-content\/uploads\/2017\/11\/elab-2-226x146.jpg 226w, https:\/\/www.portalalerta.com.br\/wp-content\/uploads\/2017\/11\/elab-2-50x32.jpg 50w, https:\/\/www.portalalerta.com.br\/wp-content\/uploads\/2017\/11\/elab-2-116x75.jpg 116w\" sizes=\"(max-width: 310px) 100vw, 310px\" \/>O vale-estudantil \u00e9 destinado, exclusivamente, para a compra de g\u00eaneros aliment\u00edcios, como feij\u00e3o, arroz, macarr\u00e3o, carne, frango, frutas, verduras, caf\u00e9 e leite. A Rede Assa\u00ed funciona das 7h \u00e0s 22h. A Cesta do Povo e as lojas conveniadas, na capital, abrem das 7h \u00e0s 20h, e, no interior, das 8h \u00e0s 20h. Por conta do decreto municipal de Salvador, os supermercados atendem, preferencialmente, aos idosos das 7h \u00e0s 9h.<\/p>\n<p style=\"text-align: justify;\">A Secretaria da Educa\u00e7\u00e3o do Estado refor\u00e7ou a orienta\u00e7\u00e3o para que v\u00e1 ao supermercado (Assa\u00ed ou Cesta do Povo e suas lojas credenciadas) apenas uma pessoa: o estudante, o pai, a m\u00e3e ou o respons\u00e1vel, cujo CPF est\u00e1 cadastrado na escola. \u00c9 preciso apresentar o CPF e um documento de identidade com foto do estudante. Se a retirada for feita por outra pessoa, a mesma deve apresentar um documento de identidade e, se tiver, ou CPF. Outra recomenda\u00e7\u00e3o \u00e9 para que, antes de ir ao supermercado, seja confirmado se o CPF j\u00e1 est\u00e1 cadastrado. Para isto, basta ligar para a escola onde o estudante est\u00e1 matriculado; para o n\u00famero 0800 284 0011; ou verificar pelo Sistema Siadiante no Portal da Educa\u00e7\u00e3o. Por esses meios, tamb\u00e9m \u00e9 poss\u00edvel saber se \u00e9 para ir na Rede Assa\u00ed ou na Cesta do Povo e suas lojas credenciadas.<\/p>\n<p style=\"text-align: justify;\">Para os estudantes que moram onde n\u00e3o h\u00e1 lojas dessas redes, ser\u00e1 entregue um cart\u00e3o alimenta\u00e7\u00e3o com o mesmo valor, totalizando 800 mil estudantes beneficiados, em todos os 417 munic\u00edpios da Bahia. Est\u00e3o sendo investidos R$ 44 milh\u00f5es de recursos do governo do Estado com a a\u00e7\u00e3o. Juntamente com a entrega do vale-alimenta\u00e7\u00e3o, o Governo do Estado tamb\u00e9m est\u00e1 disponibilizando m\u00e1scaras de tecido para quem estiver na fila sem o uso da prote\u00e7\u00e3o. A entrega do primeiro lote, com 14 mil m\u00e1scaras, acontece em Salvador e no interior. A iniciativa \u00e9 fruto de uma parceria das secretarias estaduais do Planejamento (Seplan), Educa\u00e7\u00e3o (SEC), de Desenvolvimento Rural (SDR) e de Desenvolvimento Econ\u00f4mico (SDE).<\/p>\n<p style=\"text-align: justify;\"><em>Fonte: A Voz do Campo<\/em><\/p>\n","protected":false},"excerpt":{"rendered":"<p>Um total de 179.520 estudantes j\u00e1 receberam o vale-alimenta\u00e7\u00e3o, dados contabilizados at\u00e9 a \u00faltima segunda-feira (27), em Salvador e mais 21 cidades do interior que t\u00eam as redes Assa\u00ed e Cesta do Povo com lojas credenciadas<\/p>\n","protected":false},"author":2,"featured_media":23712,"comment_status":"open","ping_status":"open","sticky":false,"template":"","format":"standard","meta":{"om_disable_all_campaigns":false,"_monsterinsights_skip_tracking":false,"_monsterinsights_sitenote_active":false,"_monsterinsights_sitenote_note":"","_monsterinsights_sitenote_category":0,"footnotes":""},"categories":[33,70,20,69,21,19],"tags":[1156,54,3429,3486,1988,1157,61],"class_list":["post-23711","post","type-post","status-publish","format-standard","has-post-thumbnail","hentry","category-bahia","category-destaques","category-educacao","category-noticias2","category-politica","category-saude","tag-alunos","tag-bahia","tag-coronavirus","tag-covid-19","tag-governo-do-estado","tag-rede-estadual-de-ensino","tag-saude"],"aioseo_notices":[],"_links":{"self":[{"href":"https:\/\/www.portalalerta.com.br\/index.php\/wp-json\/wp\/v2\/posts\/23711","targetHints":{"allow":["GET"]}}],"collection":[{"href":"https:\/\/www.portalalerta.com.br\/index.php\/wp-json\/wp\/v2\/posts"}],"about":[{"href":"https:\/\/www.portalalerta.com.br\/index.php\/wp-json\/wp\/v2\/types\/post"}],"author":[{"embeddable":true,"href":"https:\/\/www.portalalerta.com.br\/index.php\/wp-json\/wp\/v2\/users\/2"}],"replies":[{"embeddable":true,"href":"https:\/\/www.portalalerta.com.br\/index.php\/wp-json\/wp\/v2\/comments?post=23711"}],"version-history":[{"count":1,"href":"https:\/\/www.portalalerta.com.br\/index.php\/wp-json\/wp\/v2\/posts\/23711\/revisions"}],"predecessor-version":[{"id":23713,"href":"https:\/\/www.portalalerta.com.br\/index.php\/wp-json\/wp\/v2\/posts\/23711\/revisions\/23713"}],"wp:featuredmedia":[{"embeddable":true,"href":"https:\/\/www.portalalerta.com.br\/index.php\/wp-json\/wp\/v2\/media\/23712"}],"wp:attachment":[{"href":"https:\/\/www.portalalerta.com.br\/index.php\/wp-json\/wp\/v2\/media?parent=23711"}],"wp:term":[{"taxonomy":"category","embeddable":true,"href":"https:\/\/www.portalalerta.com.br\/index.php\/wp-json\/wp\/v2\/categories?post=23711"},{"taxonomy":"post_tag","embeddable":true,"href":"https:\/\/www.portalalerta.com.br\/index.php\/wp-json\/wp\/v2\/tags?post=23711"}],"curies":[{"name":"wp","href":"https:\/\/api.w.org\/{rel}","templated":true}]}}