{"id":23718,"date":"2020-04-29T20:43:11","date_gmt":"2020-04-29T23:43:11","guid":{"rendered":"https:\/\/www.portalalerta.com.br\/?p=23718"},"modified":"2020-04-29T20:43:11","modified_gmt":"2020-04-29T23:43:11","slug":"jair-bolsonaro-cancela-a-nomeacao-de-alexandre-ramagem-para-diretoria-da-pf","status":"publish","type":"post","link":"https:\/\/www.portalalerta.com.br\/index.php\/2020\/04\/29\/jair-bolsonaro-cancela-a-nomeacao-de-alexandre-ramagem-para-diretoria-da-pf\/","title":{"rendered":"Jair Bolsonaro cancela a nomea\u00e7\u00e3o de Alexandre Ramagem para diretoria da PF"},"content":{"rendered":"<p style=\"text-align: justify;\">O\u00a0presidente Jair Bolsonaro\u00a0anulou a nomea\u00e7\u00e3o de\u00a0Alexandre Ramagem\u00a0para o cargo de diretor-geral da PF (Pol\u00edcia Federal). A medida foi oficializada por um decreto publicado em uma edi\u00e7\u00e3o extra do DOU (Di\u00e1rio Oficial da Uni\u00e3o), na tarde desta quarta-feira (29).<!--more--><\/p>\n<p style=\"text-align: justify;\">Mais cedo, uma decis\u00e3o liminar do\u00a0ministro Alexandre de Moraes, do STF (Supremo Tribunal Federal), j\u00e1 havia suspendido\u00a0o decreto de nomea\u00e7\u00e3o de Ramagem\u00a0para o cargo.<\/p>\n<p style=\"text-align: justify;\">Para revogar a nomea\u00e7\u00e3o, Bolsonaro editou um novo decreto no qual tornou sem efeito o decreto original da indica\u00e7\u00e3o. O mesmo decreto presidencial tamb\u00e9m anulou a exonera\u00e7\u00e3o de Ramagem do cargo de diretor-geral da Abin (Ag\u00eancia Brasileira de Intelig\u00eancia), indicando uma volta dele \u00e0 ag\u00eancia.<\/p>\n<figure id=\"attachment_23719\" aria-describedby=\"caption-attachment-23719\" style=\"width: 550px\" class=\"wp-caption aligncenter\"><img fetchpriority=\"high\" decoding=\"async\" class=\"wp-image-23719 size-full\" src=\"https:\/\/www.portalalerta.com.br\/wp-content\/uploads\/2020\/04\/revolga\u00e7\u00e3o-de-nomea\u00e7\u00e3o-de-Alexandre-Ramagem.jpg\" alt=\"\" width=\"550\" height=\"370\" srcset=\"https:\/\/www.portalalerta.com.br\/wp-content\/uploads\/2020\/04\/revolga\u00e7\u00e3o-de-nomea\u00e7\u00e3o-de-Alexandre-Ramagem.jpg 550w, https:\/\/www.portalalerta.com.br\/wp-content\/uploads\/2020\/04\/revolga\u00e7\u00e3o-de-nomea\u00e7\u00e3o-de-Alexandre-Ramagem-357x240.jpg 357w, https:\/\/www.portalalerta.com.br\/wp-content\/uploads\/2020\/04\/revolga\u00e7\u00e3o-de-nomea\u00e7\u00e3o-de-Alexandre-Ramagem-217x146.jpg 217w, https:\/\/www.portalalerta.com.br\/wp-content\/uploads\/2020\/04\/revolga\u00e7\u00e3o-de-nomea\u00e7\u00e3o-de-Alexandre-Ramagem-50x34.jpg 50w, https:\/\/www.portalalerta.com.br\/wp-content\/uploads\/2020\/04\/revolga\u00e7\u00e3o-de-nomea\u00e7\u00e3o-de-Alexandre-Ramagem-111x75.jpg 111w\" sizes=\"(max-width: 550px) 100vw, 550px\" \/><figcaption id=\"caption-attachment-23719\" class=\"wp-caption-text\">Reprodu\u00e7\u00e3o do decreto presidencial que tornou sem efeito a nomea\u00e7\u00e3o de Ramagem. (Foto: Reprodu\u00e7\u00e3o\/Di\u00e1rio Oficial da Uni\u00e3o)<\/figcaption><\/figure>\n<p style=\"text-align: justify;\"><img decoding=\"async\" class=\"size-thumbnail wp-image-23589 aligncenter\" src=\"https:\/\/www.portalalerta.com.br\/wp-content\/uploads\/2020\/04\/real-acordo-720x93.jpg\" alt=\"\" width=\"720\" height=\"93\" \/>A indica\u00e7\u00e3o do nome de Ramagem foi feita\u00a0pelo\u00a0vereador Carlos Bolsonaro\u00a0(Republicanos-RJ), de quem Ramagem \u00e9 amigo pessoal. A posse dele estava marcada para a tarde desta ter\u00e7a-feira (29).<\/p>\n<p style=\"text-align: justify;\">Questionamentos feitos ao nome do indicado sugiram a partir das falas do\u00a0ex-ministro da Justi\u00e7a e Seguran\u00e7a P\u00fablica Sergio Moro\u00a0de que Bolsonaro estaria tentando interferir politicamente na Pol\u00edcia Federal.<\/p>\n<p style=\"text-align: justify;\"><strong>DECIS\u00c3O DE MORAES<\/strong><\/p>\n<p style=\"text-align: justify;\">Na\u00a0<a href=\"https:\/\/www.portalalerta.com.br\/index.php\/2020\/04\/29\/justica-federal-suspende-pagamento-de-fies-durante-pandemia-decisao-e-inedita-na-bahia\/\"><strong>decis\u00e3o provis\u00f3ria<\/strong><\/a>, Moraes afirmou que a escolha est\u00e1 \u201cem inobserv\u00e2ncia aos princ\u00edpios constitucionais da impessoalidade, da moralidade e do interesse p\u00fablico\u201d.<\/p>\n<p style=\"text-align: justify;\">O ministro tamb\u00e9m reconheceu que o presidente tem compet\u00eancia para livre nomea\u00e7\u00e3o de seus ministros, secret\u00e1rios e funcion\u00e1rios de confian\u00e7a. \u201cEntretanto, o chefe do Poder Executivo deve respeito \u00e0s hip\u00f3teses legais e moralmente admiss\u00edveis, pois, por \u00f3bvio, em um sistema republicano n\u00e3o existe poder absoluto ou ilimitado, porque seria a negativa do pr\u00f3prio Estado de Direito, que vincula a todos&#8221;, afirma o ministro.<\/p>\n<p style=\"text-align: justify;\"><em>Fonte: Yahoo Not\u00edcias<\/em><\/p>\n","protected":false},"excerpt":{"rendered":"<p>O\u00a0presidente Jair Bolsonaro\u00a0anulou a nomea\u00e7\u00e3o de\u00a0Alexandre Ramagem\u00a0para o cargo de diretor-geral da PF (Pol\u00edcia Federal). A medida foi oficializada por um decreto publicado em uma edi\u00e7\u00e3o extra do DOU (Di\u00e1rio Oficial da Uni\u00e3o), na tarde desta quarta-feira (29).<\/p>\n","protected":false},"author":2,"featured_media":23697,"comment_status":"open","ping_status":"open","sticky":false,"template":"","format":"standard","meta":{"om_disable_all_campaigns":false,"_monsterinsights_skip_tracking":false,"_monsterinsights_sitenote_active":false,"_monsterinsights_sitenote_note":"","_monsterinsights_sitenote_category":0,"footnotes":""},"categories":[34,70,69,21,22],"tags":[1173,3607,93,670,1395,173,1152,216],"class_list":["post-23718","post","type-post","status-publish","format-standard","has-post-thumbnail","hentry","category-brasil","category-destaques","category-noticias2","category-politica","category-seguranca","tag-alexandre-de-moraes","tag-alexandre-ramagem","tag-brasil","tag-diretor-geral","tag-jair-bolsonaro","tag-policia-federal","tag-presidente-da-republica","tag-stf"],"aioseo_notices":[],"_links":{"self":[{"href":"https:\/\/www.portalalerta.com.br\/index.php\/wp-json\/wp\/v2\/posts\/23718","targetHints":{"allow":["GET"]}}],"collection":[{"href":"https:\/\/www.portalalerta.com.br\/index.php\/wp-json\/wp\/v2\/posts"}],"about":[{"href":"https:\/\/www.portalalerta.com.br\/index.php\/wp-json\/wp\/v2\/types\/post"}],"author":[{"embeddable":true,"href":"https:\/\/www.portalalerta.com.br\/index.php\/wp-json\/wp\/v2\/users\/2"}],"replies":[{"embeddable":true,"href":"https:\/\/www.portalalerta.com.br\/index.php\/wp-json\/wp\/v2\/comments?post=23718"}],"version-history":[{"count":1,"href":"https:\/\/www.portalalerta.com.br\/index.php\/wp-json\/wp\/v2\/posts\/23718\/revisions"}],"predecessor-version":[{"id":23720,"href":"https:\/\/www.portalalerta.com.br\/index.php\/wp-json\/wp\/v2\/posts\/23718\/revisions\/23720"}],"wp:featuredmedia":[{"embeddable":true,"href":"https:\/\/www.portalalerta.com.br\/index.php\/wp-json\/wp\/v2\/media\/23697"}],"wp:attachment":[{"href":"https:\/\/www.portalalerta.com.br\/index.php\/wp-json\/wp\/v2\/media?parent=23718"}],"wp:term":[{"taxonomy":"category","embeddable":true,"href":"https:\/\/www.portalalerta.com.br\/index.php\/wp-json\/wp\/v2\/categories?post=23718"},{"taxonomy":"post_tag","embeddable":true,"href":"https:\/\/www.portalalerta.com.br\/index.php\/wp-json\/wp\/v2\/tags?post=23718"}],"curies":[{"name":"wp","href":"https:\/\/api.w.org\/{rel}","templated":true}]}}