{"id":23721,"date":"2020-04-29T20:43:56","date_gmt":"2020-04-29T23:43:56","guid":{"rendered":"https:\/\/www.portalalerta.com.br\/?p=23721"},"modified":"2020-04-29T20:43:56","modified_gmt":"2020-04-29T23:43:56","slug":"coronavirus-rui-prorroga-por-mais-15-dias-suspensao-das-aulas-na-bahia","status":"publish","type":"post","link":"https:\/\/www.portalalerta.com.br\/index.php\/2020\/04\/29\/coronavirus-rui-prorroga-por-mais-15-dias-suspensao-das-aulas-na-bahia\/","title":{"rendered":"Coronav\u00edrus: Rui prorroga por mais 15 dias suspens\u00e3o das aulas na Bahia"},"content":{"rendered":"<p style=\"text-align: justify;\">O governador da Bahia, Rui Costa (PT) afirmou ter\u00e7a (28) que o decreto de suspens\u00e3o das aulas, ser\u00e1 prorrogado, por enquanto, por mais 15 dias, em decorr\u00eancia da pandemia do novo coronav\u00edrus.<!--more--><\/p>\n<p style=\"text-align: justify;\">\u201cN\u00f3s vamos adiar o in\u00edcio das aulas por mais 15 dias e l\u00e1 para o dia 18 de maio a gente avalia a situa\u00e7\u00e3o do estado e como ficar\u00e1 o ano letivo\u201d, disse Rui.<\/p>\n<p style=\"text-align: justify;\"><img fetchpriority=\"high\" decoding=\"async\" class=\"size-full wp-image-2902 alignleft\" src=\"https:\/\/www.portalalerta.com.br\/wp-content\/uploads\/2017\/11\/elab-2.jpg\" alt=\"\" width=\"310\" height=\"200\" srcset=\"https:\/\/www.portalalerta.com.br\/wp-content\/uploads\/2017\/11\/elab-2.jpg 310w, https:\/\/www.portalalerta.com.br\/wp-content\/uploads\/2017\/11\/elab-2-226x146.jpg 226w, https:\/\/www.portalalerta.com.br\/wp-content\/uploads\/2017\/11\/elab-2-50x32.jpg 50w, https:\/\/www.portalalerta.com.br\/wp-content\/uploads\/2017\/11\/elab-2-116x75.jpg 116w\" sizes=\"(max-width: 310px) 100vw, 310px\" \/>O governador explicou que o estado n\u00e3o tem condi\u00e7\u00f5es de fazer aulas online, uma vez que o acesso a internet n\u00e3o \u00e9 uma realidade para todos os estudantes da rede estadual.<\/p>\n<p style=\"text-align: justify;\">\u201cMuitas pessoas t\u00eam falado de aulas pela internet, mas n\u00f3s n\u00e3o temos condi\u00e7\u00f5es de padronizar somente aulas pela internet porque a maioria dos alunos do Estado da Bahia s\u00e3o alunos que comp\u00f5em de fam\u00edlia simples, muitas delas n\u00e3o t\u00eam acesso \u00e0 internet em casa. [\u2026] No caso da rede estadual de ensino n\u00e3o h\u00e1 como fazer essa substitui\u00e7\u00e3o porque n\u00f3s n\u00e3o queremos deixar milhares de alunos para tr\u00e1s\u201d, concluiu.<\/p>\n<p style=\"text-align: justify;\"><em>Fonte: R\u00e1dio Povo<\/em><\/p>\n<p style=\"text-align: justify;\"><em>Com informa\u00e7\u00f5es: Metro1<\/em><\/p>\n","protected":false},"excerpt":{"rendered":"<p>O governador da Bahia, Rui Costa (PT) afirmou ter\u00e7a (28) que o decreto de suspens\u00e3o das aulas, ser\u00e1 prorrogado, por enquanto, por mais 15 dias, em decorr\u00eancia da pandemia do novo coronav\u00edrus.<\/p>\n","protected":false},"author":2,"featured_media":22949,"comment_status":"open","ping_status":"open","sticky":false,"template":"","format":"standard","meta":{"om_disable_all_campaigns":false,"_monsterinsights_skip_tracking":false,"_monsterinsights_sitenote_active":false,"_monsterinsights_sitenote_note":"","_monsterinsights_sitenote_category":0,"footnotes":""},"categories":[33,70,20,69,21,19],"tags":[1154,54,3429,3486,140,1157,61],"class_list":["post-23721","post","type-post","status-publish","format-standard","has-post-thumbnail","hentry","category-bahia","category-destaques","category-educacao","category-noticias2","category-politica","category-saude","tag-aulas","tag-bahia","tag-coronavirus","tag-covid-19","tag-educacao","tag-rede-estadual-de-ensino","tag-saude"],"aioseo_notices":[],"_links":{"self":[{"href":"https:\/\/www.portalalerta.com.br\/index.php\/wp-json\/wp\/v2\/posts\/23721","targetHints":{"allow":["GET"]}}],"collection":[{"href":"https:\/\/www.portalalerta.com.br\/index.php\/wp-json\/wp\/v2\/posts"}],"about":[{"href":"https:\/\/www.portalalerta.com.br\/index.php\/wp-json\/wp\/v2\/types\/post"}],"author":[{"embeddable":true,"href":"https:\/\/www.portalalerta.com.br\/index.php\/wp-json\/wp\/v2\/users\/2"}],"replies":[{"embeddable":true,"href":"https:\/\/www.portalalerta.com.br\/index.php\/wp-json\/wp\/v2\/comments?post=23721"}],"version-history":[{"count":1,"href":"https:\/\/www.portalalerta.com.br\/index.php\/wp-json\/wp\/v2\/posts\/23721\/revisions"}],"predecessor-version":[{"id":23722,"href":"https:\/\/www.portalalerta.com.br\/index.php\/wp-json\/wp\/v2\/posts\/23721\/revisions\/23722"}],"wp:featuredmedia":[{"embeddable":true,"href":"https:\/\/www.portalalerta.com.br\/index.php\/wp-json\/wp\/v2\/media\/22949"}],"wp:attachment":[{"href":"https:\/\/www.portalalerta.com.br\/index.php\/wp-json\/wp\/v2\/media?parent=23721"}],"wp:term":[{"taxonomy":"category","embeddable":true,"href":"https:\/\/www.portalalerta.com.br\/index.php\/wp-json\/wp\/v2\/categories?post=23721"},{"taxonomy":"post_tag","embeddable":true,"href":"https:\/\/www.portalalerta.com.br\/index.php\/wp-json\/wp\/v2\/tags?post=23721"}],"curies":[{"name":"wp","href":"https:\/\/api.w.org\/{rel}","templated":true}]}}