{"id":23725,"date":"2020-04-29T21:06:10","date_gmt":"2020-04-30T00:06:10","guid":{"rendered":"https:\/\/www.portalalerta.com.br\/?p=23725"},"modified":"2020-04-29T21:06:10","modified_gmt":"2020-04-30T00:06:10","slug":"em-novo-decreto-feiras-sao-liberadas-para-comerciantes-locais-em-ribeira-do-pombal-ba","status":"publish","type":"post","link":"https:\/\/www.portalalerta.com.br\/index.php\/2020\/04\/29\/em-novo-decreto-feiras-sao-liberadas-para-comerciantes-locais-em-ribeira-do-pombal-ba\/","title":{"rendered":"Em novo decreto, feiras s\u00e3o liberadas para comerciantes locais, em Ribeira do Pombal-BA"},"content":{"rendered":"<p style=\"text-align: justify;\">O Di\u00e1rio Oficial do Munic\u00edpio de Ribeira do Pombal-BA, desta ter\u00e7a-feira, 28, publicou o Decreto N\u00ba 036, em que autoriza a realiza\u00e7\u00e3o das feiras: livre, confec\u00e7\u00f5es e animais, a serem realizadas nesta quinta-feira, 30.<!--more--><\/p>\n<p style=\"text-align: justify;\"><img fetchpriority=\"high\" decoding=\"async\" class=\"size-thumbnail wp-image-9394 alignleft\" src=\"https:\/\/www.portalalerta.com.br\/wp-content\/uploads\/2018\/07\/05elab-320x240.jpg\" alt=\"\" width=\"320\" height=\"240\" srcset=\"https:\/\/www.portalalerta.com.br\/wp-content\/uploads\/2018\/07\/05elab-320x240.jpg 320w, https:\/\/www.portalalerta.com.br\/wp-content\/uploads\/2018\/07\/05elab-195x146.jpg 195w, https:\/\/www.portalalerta.com.br\/wp-content\/uploads\/2018\/07\/05elab-50x38.jpg 50w, https:\/\/www.portalalerta.com.br\/wp-content\/uploads\/2018\/07\/05elab-100x75.jpg 100w, https:\/\/www.portalalerta.com.br\/wp-content\/uploads\/2018\/07\/05elab.jpg 400w\" sizes=\"(max-width: 320px) 100vw, 320px\" \/>Este decreto \u00e9 muito semelhante ao <a href=\"https:\/\/www.portalalerta.com.br\/index.php\/2020\/04\/01\/prefeitura-de-ribeira-do-pombal-ba-divulga-decreto-com-liberacao-de-feira-livre-na-cidade-com-restricoes\/\"><strong>N\u00ba 26 de 1\u00ba de Abril<\/strong><\/a>, per\u00edodo em que teve a comercializa\u00e7\u00e3o liberada, ap\u00f3s a primeira proibi\u00e7\u00e3o durante o atual momento de crise na sa\u00fade mundial por conta do Covid-19 (Coronav\u00edrus). A diferen\u00e7a est\u00e1 apenas ao fato de que desta vez, ao inv\u00e9s de serem liberadas apenas as feiras livre e de animais, foi inclu\u00edda tamb\u00e9m a comercializa\u00e7\u00e3o de confec\u00e7\u00f5es.<\/p>\n<p style=\"text-align: justify;\">O decreto \u00e9 v\u00e1lido apenas para os feirantes que s\u00e3o da cidade. Os demais, s\u00f3 estar\u00e3o autorizados a fornecerem produtos para os comerciantes locais. Al\u00e9m disso algumas medidas dever\u00e3o ser observadas: todas as pessoas dever\u00e3o utilizar m\u00e1scaras; o espa\u00e7amento m\u00ednimo entre as barracas dever\u00e1 ser de no m\u00ednimo de dois metros; os clientes dever\u00e3o manter um distanciamento m\u00ednimo de um metro e meio entre eles; os vendedores dever\u00e3o higienizar as m\u00e3os com \u00e1gua e sab\u00e3o e\/ou \u00e1lcool em gel 70\u00ba; ser\u00e1 permitido apenas o atendimento a um pessoa por fam\u00edlia; e o acesso e atendimento de idosos dever\u00e1 ser restringido.<\/p>\n<p style=\"text-align: justify;\">Em caso de descumprimento do Decreto, s\u00e3o previstas puni\u00e7\u00f5es, que v\u00e3o desde a aplica\u00e7\u00e3o de multas \u00e0 apreens\u00e3o dos produtos e cassa\u00e7\u00e3o da permiss\u00e3o de funcionamento.<\/p>\n<p style=\"text-align: justify;\"><a href=\"http:\/\/doem.org.br\/ba\/ribeiradopombal\"><strong>Confira aqui o documento na \u00edntegra!<\/strong><\/a><\/p>\n<p style=\"text-align: justify;\"><em>Reda\u00e7\u00e3o: Portal Alerta<\/em><\/p>\n","protected":false},"excerpt":{"rendered":"<p>O Di\u00e1rio Oficial do Munic\u00edpio de Ribeira do Pombal-BA, desta ter\u00e7a-feira, 28, publicou o Decreto N\u00ba 036, em que autoriza a realiza\u00e7\u00e3o das feiras: livre, confec\u00e7\u00f5es e animais, a serem realizadas nesta quinta-feira, 30.<\/p>\n","protected":false},"author":2,"featured_media":22458,"comment_status":"open","ping_status":"open","sticky":false,"template":"","format":"standard","meta":{"om_disable_all_campaigns":false,"_monsterinsights_skip_tracking":false,"_monsterinsights_sitenote_active":false,"_monsterinsights_sitenote_note":"","_monsterinsights_sitenote_category":0,"footnotes":""},"categories":[70,69,32,3,19],"tags":[3429,3486,2991,3608,3609,1308,198,145,47,146,61],"class_list":["post-23725","post","type-post","status-publish","format-standard","has-post-thumbnail","hentry","category-destaques","category-noticias2","category-regiao","category-ribeira-do-pombal","category-saude","tag-coronavirus","tag-covid-19","tag-decreto-municipal","tag-feira-de-animais","tag-feira-de-confeccoes","tag-feira-livre","tag-prefeito","tag-prefeitura","tag-ribeira-do-pombal","tag-ricardo-maia","tag-saude"],"aioseo_notices":[],"_links":{"self":[{"href":"https:\/\/www.portalalerta.com.br\/index.php\/wp-json\/wp\/v2\/posts\/23725","targetHints":{"allow":["GET"]}}],"collection":[{"href":"https:\/\/www.portalalerta.com.br\/index.php\/wp-json\/wp\/v2\/posts"}],"about":[{"href":"https:\/\/www.portalalerta.com.br\/index.php\/wp-json\/wp\/v2\/types\/post"}],"author":[{"embeddable":true,"href":"https:\/\/www.portalalerta.com.br\/index.php\/wp-json\/wp\/v2\/users\/2"}],"replies":[{"embeddable":true,"href":"https:\/\/www.portalalerta.com.br\/index.php\/wp-json\/wp\/v2\/comments?post=23725"}],"version-history":[{"count":1,"href":"https:\/\/www.portalalerta.com.br\/index.php\/wp-json\/wp\/v2\/posts\/23725\/revisions"}],"predecessor-version":[{"id":23726,"href":"https:\/\/www.portalalerta.com.br\/index.php\/wp-json\/wp\/v2\/posts\/23725\/revisions\/23726"}],"wp:featuredmedia":[{"embeddable":true,"href":"https:\/\/www.portalalerta.com.br\/index.php\/wp-json\/wp\/v2\/media\/22458"}],"wp:attachment":[{"href":"https:\/\/www.portalalerta.com.br\/index.php\/wp-json\/wp\/v2\/media?parent=23725"}],"wp:term":[{"taxonomy":"category","embeddable":true,"href":"https:\/\/www.portalalerta.com.br\/index.php\/wp-json\/wp\/v2\/categories?post=23725"},{"taxonomy":"post_tag","embeddable":true,"href":"https:\/\/www.portalalerta.com.br\/index.php\/wp-json\/wp\/v2\/tags?post=23725"}],"curies":[{"name":"wp","href":"https:\/\/api.w.org\/{rel}","templated":true}]}}