{"id":23727,"date":"2020-04-30T09:22:40","date_gmt":"2020-04-30T12:22:40","guid":{"rendered":"https:\/\/www.portalalerta.com.br\/?p=23727"},"modified":"2020-04-30T09:22:40","modified_gmt":"2020-04-30T12:22:40","slug":"durante-posse-na-justica-mendonca-da-recados-a-antecessor-e-elogia-presidente","status":"publish","type":"post","link":"https:\/\/www.portalalerta.com.br\/index.php\/2020\/04\/30\/durante-posse-na-justica-mendonca-da-recados-a-antecessor-e-elogia-presidente\/","title":{"rendered":"Durante posse na Justi\u00e7a, Mendon\u00e7a d\u00e1 recados a antecessor e elogia presidente"},"content":{"rendered":"<p style=\"text-align: justify;\">Sem citar o ex-juiz Sergio Moro diretamente, o novo ministro da Justi\u00e7a e Seguran\u00e7a P\u00fablica, Andr\u00e9 Mendon\u00e7a, deu v\u00e1rios recados ao antecessor e fez promessas de combate ao crime no primeiro discurso ap\u00f3s tomar posse. Mendon\u00e7a tamb\u00e9m n\u00e3o poupou elogios ao presidente Jair Bolsonaro, a quem chamou de \u201cprofeta no combate \u00e0 criminalidade\u201d.<!--more--><\/p>\n<p style=\"text-align: justify;\">Enquanto Moro deixou a fun\u00e7\u00e3o acusando Bolsonaro de tentar interferir politicamente no comando da Pol\u00edcia Federal, Mendon\u00e7a prometeu uma atua\u00e7\u00e3o \u201ct\u00e9cnica\u201d \u00e0 frente da pasta. \u201cLutarei com todos os esfor\u00e7os no combate \u00e0 criminalidade\u201d, disse. \u201cVamos fazer opera\u00e7\u00f5es conjuntas. Cobre de n\u00f3s, presidente, mais opera\u00e7\u00f5es na Pol\u00edcia Federal\u201d, refor\u00e7ou.<\/p>\n<p style=\"text-align: justify;\">Outro ponto levantado por Moro foi a inten\u00e7\u00e3o de Bolsonaro ter acesso a relat\u00f3rios de intelig\u00eancias da Pol\u00edcia Federal. Uma investiga\u00e7\u00e3o sobre as acusa\u00e7\u00f5es feitas por Moro foi aberta no Supremo Tribunal Federal (STF).<\/p>\n<p style=\"text-align: justify;\"><img fetchpriority=\"high\" decoding=\"async\" class=\"size-thumbnail wp-image-4869 aligncenter\" src=\"https:\/\/www.portalalerta.com.br\/wp-content\/uploads\/2018\/02\/Auto-Escola-Nobre-720x181.jpg\" alt=\"\" width=\"720\" height=\"181\" srcset=\"https:\/\/www.portalalerta.com.br\/wp-content\/uploads\/2018\/02\/Auto-Escola-Nobre.jpg 720w, https:\/\/www.portalalerta.com.br\/wp-content\/uploads\/2018\/02\/Auto-Escola-Nobre-260x65.jpg 260w, https:\/\/www.portalalerta.com.br\/wp-content\/uploads\/2018\/02\/Auto-Escola-Nobre-50x13.jpg 50w, https:\/\/www.portalalerta.com.br\/wp-content\/uploads\/2018\/02\/Auto-Escola-Nobre-150x38.jpg 150w\" sizes=\"(max-width: 720px) 100vw, 720px\" \/>Mendon\u00e7a tamb\u00e9m fez acenos ao ministro da Secretaria Geral, Jorge Oliveira, cotado inicialmente para assumir o Minist\u00e9rio da Justi\u00e7a no lugar de Moro. Segundo Mendon\u00e7a, Oliveira \u00e9 algu\u00e9m que \u201cabre m\u00e3o de oportunidades para servir ao Brasil\u201d. O ministro da Secretaria Geral foi aplaudido de p\u00e9 pelos convidados.<\/p>\n<p style=\"text-align: justify;\">O novo ministro da Justi\u00e7a demonstrou, ainda, alinhamento com a postura de Bolsonaro contra a imposi\u00e7\u00e3o de medidas de isolamento social nos Estados. Na gest\u00e3o anterior, Moro resistiu ao pedido do presidente para que o ministro da Justi\u00e7a se posicionasse contra os governadores em casos que considera que h\u00e1 excessos. \u201cA crise n\u00e3o envolve s\u00f3 a sa\u00fade, mas emprego, subsist\u00eancia e direito de ir e vir. Temos de ser capazes de colocar o povo em primeiro lugar\u201d, disse Mendon\u00e7a.<\/p>\n<p style=\"text-align: justify;\">Na cerim\u00f4nia, al\u00e9m de ministros de Estado, estavam presentes representantes do Judici\u00e1rio. Participaram o presidente do Supremo Tribunal Federal (STF), Dias Toffoli, e o ministro Gilmar Mendes.<\/p>\n<p style=\"text-align: justify;\">\u201cEu queria assumir alguns compromissos hoje com a na\u00e7\u00e3o brasileira. Compromissos com o Estado de direito e os seus valores, a Constitui\u00e7\u00e3o no seu pre\u00e2mbulo institui como valores supremos a liberdade, fraternidade, a igualdade, o bem-estar, o desenvolvimento, e, acima de tudo, a Justi\u00e7a. Da\u00ed a import\u00e2ncia Minist\u00e9rio da Justi\u00e7a e Seguran\u00e7a P\u00fablica, refor\u00e7ado pela \u00e9tica\u201d, declarou Mendon\u00e7a.<\/p>\n<p style=\"text-align: justify;\">\u201cOutro compromisso, uma atua\u00e7\u00e3o integrada com Estados e munic\u00edpios. Temos um sistema \u00fanico de seguran\u00e7a p\u00fablica. E nesse sentido \u00e9 preciso compreender que a criminalidade hoje se constitui em rede, n\u00e3o \u00e9 um sistema hierarquizado onde havia um chefe e uma cadeia de comando\u201d, disse o ministro da Justi\u00e7a.<\/p>\n<p style=\"text-align: justify;\"><em>Fonte: Agencia Brasil<\/em><\/p>\n","protected":false},"excerpt":{"rendered":"<p>Sem citar o ex-juiz Sergio Moro diretamente, o novo ministro da Justi\u00e7a e Seguran\u00e7a P\u00fablica, Andr\u00e9 Mendon\u00e7a, deu v\u00e1rios recados ao antecessor e fez promessas de combate ao crime no primeiro discurso ap\u00f3s tomar posse. Mendon\u00e7a tamb\u00e9m n\u00e3o poupou elogios ao presidente Jair Bolsonaro, a quem chamou de \u201cprofeta no combate \u00e0 criminalidade\u201d.<\/p>\n","protected":false},"author":2,"featured_media":23728,"comment_status":"open","ping_status":"open","sticky":false,"template":"","format":"standard","meta":{"om_disable_all_campaigns":false,"_monsterinsights_skip_tracking":false,"_monsterinsights_sitenote_active":false,"_monsterinsights_sitenote_note":"","_monsterinsights_sitenote_category":0,"footnotes":""},"categories":[34,70,69,21],"tags":[3610,93,1783,603],"class_list":["post-23727","post","type-post","status-publish","format-standard","has-post-thumbnail","hentry","category-brasil","category-destaques","category-noticias2","category-politica","tag-andre-mendonca","tag-brasil","tag-ministerio-da-justica","tag-posse"],"aioseo_notices":[],"_links":{"self":[{"href":"https:\/\/www.portalalerta.com.br\/index.php\/wp-json\/wp\/v2\/posts\/23727","targetHints":{"allow":["GET"]}}],"collection":[{"href":"https:\/\/www.portalalerta.com.br\/index.php\/wp-json\/wp\/v2\/posts"}],"about":[{"href":"https:\/\/www.portalalerta.com.br\/index.php\/wp-json\/wp\/v2\/types\/post"}],"author":[{"embeddable":true,"href":"https:\/\/www.portalalerta.com.br\/index.php\/wp-json\/wp\/v2\/users\/2"}],"replies":[{"embeddable":true,"href":"https:\/\/www.portalalerta.com.br\/index.php\/wp-json\/wp\/v2\/comments?post=23727"}],"version-history":[{"count":1,"href":"https:\/\/www.portalalerta.com.br\/index.php\/wp-json\/wp\/v2\/posts\/23727\/revisions"}],"predecessor-version":[{"id":23729,"href":"https:\/\/www.portalalerta.com.br\/index.php\/wp-json\/wp\/v2\/posts\/23727\/revisions\/23729"}],"wp:featuredmedia":[{"embeddable":true,"href":"https:\/\/www.portalalerta.com.br\/index.php\/wp-json\/wp\/v2\/media\/23728"}],"wp:attachment":[{"href":"https:\/\/www.portalalerta.com.br\/index.php\/wp-json\/wp\/v2\/media?parent=23727"}],"wp:term":[{"taxonomy":"category","embeddable":true,"href":"https:\/\/www.portalalerta.com.br\/index.php\/wp-json\/wp\/v2\/categories?post=23727"},{"taxonomy":"post_tag","embeddable":true,"href":"https:\/\/www.portalalerta.com.br\/index.php\/wp-json\/wp\/v2\/tags?post=23727"}],"curies":[{"name":"wp","href":"https:\/\/api.w.org\/{rel}","templated":true}]}}