{"id":23733,"date":"2020-04-30T10:46:52","date_gmt":"2020-04-30T13:46:52","guid":{"rendered":"https:\/\/www.portalalerta.com.br\/?p=23733"},"modified":"2020-04-30T10:46:52","modified_gmt":"2020-04-30T13:46:52","slug":"bolsonaro-diz-a-apoiadores-que-pf-reabrira-investigacao-sobre-facada","status":"publish","type":"post","link":"https:\/\/www.portalalerta.com.br\/index.php\/2020\/04\/30\/bolsonaro-diz-a-apoiadores-que-pf-reabrira-investigacao-sobre-facada\/","title":{"rendered":"Bolsonaro diz a apoiadores que PF reabrir\u00e1 investiga\u00e7\u00e3o sobre facada"},"content":{"rendered":"<p style=\"text-align: justify;\">O presidente Jair Bolsonaro disse a apoiadores no Pal\u00e1cio da Alvorada na \u00faltima ter\u00e7a-feira, 28, que a Pol\u00edcia Federal reabrir\u00e1 as investiga\u00e7\u00f5es sobre a facada que levou durante a campanha eleitoral de 2018, em Juiz de Fora.<!--more--><\/p>\n<p style=\"text-align: justify;\"><img fetchpriority=\"high\" decoding=\"async\" class=\"size-thumbnail wp-image-9394 alignleft\" src=\"https:\/\/www.portalalerta.com.br\/wp-content\/uploads\/2018\/07\/05elab-320x240.jpg\" alt=\"\" width=\"320\" height=\"240\" srcset=\"https:\/\/www.portalalerta.com.br\/wp-content\/uploads\/2018\/07\/05elab-320x240.jpg 320w, https:\/\/www.portalalerta.com.br\/wp-content\/uploads\/2018\/07\/05elab-195x146.jpg 195w, https:\/\/www.portalalerta.com.br\/wp-content\/uploads\/2018\/07\/05elab-50x38.jpg 50w, https:\/\/www.portalalerta.com.br\/wp-content\/uploads\/2018\/07\/05elab-100x75.jpg 100w, https:\/\/www.portalalerta.com.br\/wp-content\/uploads\/2018\/07\/05elab.jpg 400w\" sizes=\"(max-width: 320px) 100vw, 320px\" \/>Logo depois, questionado por jornalistas, disse que n\u00e3o quer \u201cfor\u00e7ar nada\u201d, mas que acha \u201cprudente\u201d a retomada das investiga\u00e7\u00f5es, \u201cdentro da legalidade\u201d, para descobrir o suposto mandante do crime. \u201cVai ser reaberta a investiga\u00e7\u00e3o. Vai fazer a investiga\u00e7\u00e3o. Foi negligenciado. A conclus\u00e3o foi o \u2018lobo solit\u00e1rio\u2019. Como \u00e9 que pode o \u2018lobo solit\u00e1rio\u2019 com tr\u00eas advogados, com quatro celulares, inclusive andando pelo Brasil\u201d, disse Bolsonaro a uma f\u00e3 que o interpelou sobre o assunto. \u201cEu entendo que o meu caso \u00e9 200 vezes mais f\u00e1cil de solucionar do que o da [vereadora] Marielle [Franco]. O meu tem o assassino e tem uma s\u00e9rie de ind\u00edcios e quase ele teve sucesso. Eu fui salvo por mil\u00edmetros\u201d, afirmou.<\/p>\n<p style=\"text-align: justify;\">O \u201clobo solit\u00e1rio\u201d em quest\u00e3o \u00e9 Ad\u00e9lio Bispo de Oliveira, autor da facada. Ele foi declarado inimput\u00e1vel porque, segundo pareceres m\u00e9dicos da defesa e da acusa\u00e7\u00e3o, sofre de problemas mentais. Em junho do ano passado, a Justi\u00e7a Federal mineira converteu sua pris\u00e3o preventiva em interna\u00e7\u00e3o por tempo indeterminado.<\/p>\n<p style=\"text-align: justify;\"><em>Fonte: Not\u00edcias de SantaLuz<\/em><\/p>\n","protected":false},"excerpt":{"rendered":"<p>O presidente Jair Bolsonaro disse a apoiadores no Pal\u00e1cio da Alvorada na \u00faltima ter\u00e7a-feira, 28, que a Pol\u00edcia Federal reabrir\u00e1 as investiga\u00e7\u00f5es sobre a facada que levou durante a campanha eleitoral de 2018, em Juiz de Fora.<\/p>\n","protected":false},"author":2,"featured_media":16410,"comment_status":"open","ping_status":"open","sticky":false,"template":"","format":"standard","meta":{"om_disable_all_campaigns":false,"_monsterinsights_skip_tracking":false,"_monsterinsights_sitenote_active":false,"_monsterinsights_sitenote_note":"","_monsterinsights_sitenote_category":0,"footnotes":""},"categories":[34,70,69,21,22],"tags":[93,492,1395,173,1152],"class_list":["post-23733","post","type-post","status-publish","format-standard","has-post-thumbnail","hentry","category-brasil","category-destaques","category-noticias2","category-politica","category-seguranca","tag-brasil","tag-facada","tag-jair-bolsonaro","tag-policia-federal","tag-presidente-da-republica"],"aioseo_notices":[],"_links":{"self":[{"href":"https:\/\/www.portalalerta.com.br\/index.php\/wp-json\/wp\/v2\/posts\/23733","targetHints":{"allow":["GET"]}}],"collection":[{"href":"https:\/\/www.portalalerta.com.br\/index.php\/wp-json\/wp\/v2\/posts"}],"about":[{"href":"https:\/\/www.portalalerta.com.br\/index.php\/wp-json\/wp\/v2\/types\/post"}],"author":[{"embeddable":true,"href":"https:\/\/www.portalalerta.com.br\/index.php\/wp-json\/wp\/v2\/users\/2"}],"replies":[{"embeddable":true,"href":"https:\/\/www.portalalerta.com.br\/index.php\/wp-json\/wp\/v2\/comments?post=23733"}],"version-history":[{"count":1,"href":"https:\/\/www.portalalerta.com.br\/index.php\/wp-json\/wp\/v2\/posts\/23733\/revisions"}],"predecessor-version":[{"id":23734,"href":"https:\/\/www.portalalerta.com.br\/index.php\/wp-json\/wp\/v2\/posts\/23733\/revisions\/23734"}],"wp:featuredmedia":[{"embeddable":true,"href":"https:\/\/www.portalalerta.com.br\/index.php\/wp-json\/wp\/v2\/media\/16410"}],"wp:attachment":[{"href":"https:\/\/www.portalalerta.com.br\/index.php\/wp-json\/wp\/v2\/media?parent=23733"}],"wp:term":[{"taxonomy":"category","embeddable":true,"href":"https:\/\/www.portalalerta.com.br\/index.php\/wp-json\/wp\/v2\/categories?post=23733"},{"taxonomy":"post_tag","embeddable":true,"href":"https:\/\/www.portalalerta.com.br\/index.php\/wp-json\/wp\/v2\/tags?post=23733"}],"curies":[{"name":"wp","href":"https:\/\/api.w.org\/{rel}","templated":true}]}}