{"id":23738,"date":"2020-04-30T12:50:30","date_gmt":"2020-04-30T15:50:30","guid":{"rendered":"https:\/\/www.portalalerta.com.br\/?p=23738"},"modified":"2020-04-30T12:50:30","modified_gmt":"2020-04-30T15:50:30","slug":"idoso-que-morreu-em-hospital-de-ribeira-do-pombal-ba-estava-com-suspeita-de-covid-19","status":"publish","type":"post","link":"https:\/\/www.portalalerta.com.br\/index.php\/2020\/04\/30\/idoso-que-morreu-em-hospital-de-ribeira-do-pombal-ba-estava-com-suspeita-de-covid-19\/","title":{"rendered":"Idoso que morreu em Hospital de Ribeira do Pombal-BA, estava com suspeita de Covid-19"},"content":{"rendered":"<p style=\"text-align: justify;\">Um idoso que se encontrava internado no Hospital Geral Santa Tereza, em Ribeira do Pombal-BA, teve a morte anunciada na noite desta quarta-feira, 29.<!--more--><\/p>\n<p style=\"text-align: justify;\">De acordo com informa\u00e7\u00f5es preliminares, o idoso de identidade preservada, esteve internado no Hospital Santo Antonio, que faz parte das Obras Sociais Irm\u00e3 Dulce, em Salvador-BA. A referida Unidade Hospitalar chegou a anunciar que 64 profissionais e 30 pacientes foram diagnosticados com a doen\u00e7a.<\/p>\n<p style=\"text-align: justify;\">No caso do pombalense, o mesmo chegou a receber alta hospitalar, , por\u00e9m antes de deixar a Unidade teria sido submetido a um exame que tinha testado negativo para a doen\u00e7a, retornando assim para o seio familiar, em Ribeira do Pombal-BA. Quando se encontrava em sua resid\u00eancia, sentiu-se mal, sendo levado para o Hospital Geral Santa Tereza, onde foram constatados sintomas de Covid-19, sendo portanto submetido ao Teste r\u00e1pido que acusou positivo.<\/p>\n<p style=\"text-align: justify;\"><img fetchpriority=\"high\" decoding=\"async\" class=\"size-thumbnail wp-image-23589 aligncenter\" src=\"https:\/\/www.portalalerta.com.br\/wp-content\/uploads\/2020\/04\/real-acordo-720x93.jpg\" alt=\"\" width=\"720\" height=\"93\" \/>O paciente teve as amostras coletadas, e enviadas para o Laborat\u00f3rio Central do Estado (LACEN), por\u00e9m teve o seu \u00f3bito confirmado, antes mesmo da chegada dos resultados, que possibilitar\u00e1 a confirma\u00e7\u00e3o ou n\u00e3o a infec\u00e7\u00e3o.De acordo com o Boletim Epidemiol\u00f3gico divulgado pela Prefeitura Municipal na manh\u00e3 desta quinta-feira, 30, a morte est\u00e1 sendo tratada como <strong>SUSPEITA PARA O COVID-19.\u00a0<\/strong><\/p>\n<figure id=\"attachment_23744\" aria-describedby=\"caption-attachment-23744\" style=\"width: 500px\" class=\"wp-caption aligncenter\"><img decoding=\"async\" class=\"wp-image-23744\" src=\"https:\/\/www.portalalerta.com.br\/wp-content\/uploads\/2020\/04\/Boletim-Coronavirus-43-240x240.jpeg\" alt=\"\" width=\"500\" height=\"500\" srcset=\"https:\/\/www.portalalerta.com.br\/wp-content\/uploads\/2020\/04\/Boletim-Coronavirus-43-240x240.jpeg 240w, https:\/\/www.portalalerta.com.br\/wp-content\/uploads\/2020\/04\/Boletim-Coronavirus-43-1024x1024.jpeg 1024w, https:\/\/www.portalalerta.com.br\/wp-content\/uploads\/2020\/04\/Boletim-Coronavirus-43-768x768.jpeg 768w, https:\/\/www.portalalerta.com.br\/wp-content\/uploads\/2020\/04\/Boletim-Coronavirus-43-146x146.jpeg 146w, https:\/\/www.portalalerta.com.br\/wp-content\/uploads\/2020\/04\/Boletim-Coronavirus-43-50x50.jpeg 50w, https:\/\/www.portalalerta.com.br\/wp-content\/uploads\/2020\/04\/Boletim-Coronavirus-43-75x75.jpeg 75w, https:\/\/www.portalalerta.com.br\/wp-content\/uploads\/2020\/04\/Boletim-Coronavirus-43-85x85.jpeg 85w, https:\/\/www.portalalerta.com.br\/wp-content\/uploads\/2020\/04\/Boletim-Coronavirus-43-80x80.jpeg 80w, https:\/\/www.portalalerta.com.br\/wp-content\/uploads\/2020\/04\/Boletim-Coronavirus-43.jpeg 1080w\" sizes=\"(max-width: 500px) 100vw, 500px\" \/><figcaption id=\"caption-attachment-23744\" class=\"wp-caption-text\">Boletim Epidemiol\u00f3gico divulgado pela prefeitura de Ribeira do Pombal-BA<\/figcaption><\/figure>\n<p style=\"text-align: justify;\">Antes mesmo da confirma\u00e7\u00e3o do \u00f3bito, a neta da v\u00edtima, Dra La\u00eds Matos, que \u00e9 medica na cidade, emitiu uma nota amplamente compartilhada nas redes sociais. <strong>Confira:\u00a0<\/strong><\/p>\n<h2 style=\"text-align: justify;\"><em>Nesse momento de profunda tristeza e preocupa\u00e7\u00e3o que eu e minha fam\u00edlia vivemos com o agravamento do estado de sa\u00fade do meu Av\u00f4, sinto-me ainda mais triste em ter que vir a p\u00fablico prestar esclarecimentos ao inv\u00e9s de vir agradecer as condol\u00eancias e a solidariedade.<\/em><\/h2>\n<h2 style=\"text-align: justify;\"><em>Meu Av\u00f4 chegou em Pombal ap\u00f3s ter recebido Alta M\u00e9dica do hospital em que esteve internado em Salvador por motivos alheios ao Coronav\u00edrus. Chegou aqui em boas condi\u00e7\u00f5es de sa\u00fade e sem suspeita de doen\u00e7as infecciosas em atividade. Na \u00faltima semana ele passou mal, eu prestei os primeiros socorros e o encaminhei para atendimento hospitalar. Naquele momento, para a minha prote\u00e7\u00e3o e principalmente para a prote\u00e7\u00e3o dele (por ser idoso e portador de doen\u00e7as cr\u00f4nicas), usei todos os equipamentos de prote\u00e7\u00e3o individual necess\u00e1rios. J\u00e1 no Hospital, surgiu a suspeita de COVID-19, ainda n\u00e3o confirmada. Desde ent\u00e3o, cancelei todos os meus turnos de atendimento, os quais fazia tamb\u00e9m devidamente paramentada e seguindo todas as normas de seguran\u00e7a.<\/em><\/h2>\n<h2 style=\"text-align: justify;\"><em>Se confirmada a suspeita de COVID-19, meu Av\u00f4 ser\u00e1 mais uma v\u00edtima do Coronav\u00edrus e n\u00e3o um culpado por ele. N\u00e3o coloquei e jamais colocarei a sa\u00fade de qualquer paciente em risco. Meu papel como M\u00e9dica \u00e9 exatamente o oposto, coloco a minha sa\u00fade em risco para proteger a sua.<\/em><\/h2>\n<h2 style=\"text-align: justify;\"><em>Permanecerei afastada dos atendimentos em consult\u00f3rio at\u00e9 que seja totalmente seguro retornar. Estou em perfeito estado de sa\u00fade, mas preciso me resguardar e seguir os protocolos de seguran\u00e7a. Que Deus proteja a sa\u00fade do meu amado Av\u00f4 e cure a alma dos que nos apedrejam.<\/em><\/h2>\n<h2 style=\"text-align: justify;\"><em>Dr\u00aa La\u00eds Matos<\/em><\/h2>\n<p style=\"text-align: justify;\"><em>Reda\u00e7\u00e3o: Portal Alerta<\/em><\/p>\n<p style=\"text-align: justify;\"><strong><em>#fiqueemcasa<\/em><\/strong><\/p>\n","protected":false},"excerpt":{"rendered":"<p>Um idoso que se encontrava internado no Hospital Geral Santa Tereza, em Ribeira do Pombal-BA, teve a morte anunciada na noite desta quarta-feira, 29.<\/p>\n","protected":false},"author":2,"featured_media":4707,"comment_status":"open","ping_status":"open","sticky":false,"template":"","format":"standard","meta":{"om_disable_all_campaigns":false,"_monsterinsights_skip_tracking":false,"_monsterinsights_sitenote_active":false,"_monsterinsights_sitenote_note":"","_monsterinsights_sitenote_category":0,"footnotes":""},"categories":[70,69,32,3,19],"tags":[3429,3486,151,3611,169,3612,47,61,2885],"class_list":["post-23738","post","type-post","status-publish","format-standard","has-post-thumbnail","hentry","category-destaques","category-noticias2","category-regiao","category-ribeira-do-pombal","category-saude","tag-coronavirus","tag-covid-19","tag-hgst","tag-hospital-santo-antoniio","tag-morte","tag-obras-sociais-irma-dulce","tag-ribeira-do-pombal","tag-saude","tag-suspeita"],"aioseo_notices":[],"_links":{"self":[{"href":"https:\/\/www.portalalerta.com.br\/index.php\/wp-json\/wp\/v2\/posts\/23738","targetHints":{"allow":["GET"]}}],"collection":[{"href":"https:\/\/www.portalalerta.com.br\/index.php\/wp-json\/wp\/v2\/posts"}],"about":[{"href":"https:\/\/www.portalalerta.com.br\/index.php\/wp-json\/wp\/v2\/types\/post"}],"author":[{"embeddable":true,"href":"https:\/\/www.portalalerta.com.br\/index.php\/wp-json\/wp\/v2\/users\/2"}],"replies":[{"embeddable":true,"href":"https:\/\/www.portalalerta.com.br\/index.php\/wp-json\/wp\/v2\/comments?post=23738"}],"version-history":[{"count":2,"href":"https:\/\/www.portalalerta.com.br\/index.php\/wp-json\/wp\/v2\/posts\/23738\/revisions"}],"predecessor-version":[{"id":23746,"href":"https:\/\/www.portalalerta.com.br\/index.php\/wp-json\/wp\/v2\/posts\/23738\/revisions\/23746"}],"wp:featuredmedia":[{"embeddable":true,"href":"https:\/\/www.portalalerta.com.br\/index.php\/wp-json\/wp\/v2\/media\/4707"}],"wp:attachment":[{"href":"https:\/\/www.portalalerta.com.br\/index.php\/wp-json\/wp\/v2\/media?parent=23738"}],"wp:term":[{"taxonomy":"category","embeddable":true,"href":"https:\/\/www.portalalerta.com.br\/index.php\/wp-json\/wp\/v2\/categories?post=23738"},{"taxonomy":"post_tag","embeddable":true,"href":"https:\/\/www.portalalerta.com.br\/index.php\/wp-json\/wp\/v2\/tags?post=23738"}],"curies":[{"name":"wp","href":"https:\/\/api.w.org\/{rel}","templated":true}]}}