{"id":23740,"date":"2020-04-30T17:25:38","date_gmt":"2020-04-30T20:25:38","guid":{"rendered":"https:\/\/www.portalalerta.com.br\/?p=23740"},"modified":"2020-04-30T17:25:38","modified_gmt":"2020-04-30T20:25:38","slug":"bolsonaro-chama-de-palhacada-medidas-de-isolamento-mantidas-por-rui-costa-na-bahia","status":"publish","type":"post","link":"https:\/\/www.portalalerta.com.br\/index.php\/2020\/04\/30\/bolsonaro-chama-de-palhacada-medidas-de-isolamento-mantidas-por-rui-costa-na-bahia\/","title":{"rendered":"Bolsonaro chama de \u2018palha\u00e7ada\u2019 medidas de isolamento mantidas por Rui Costa na Bahia"},"content":{"rendered":"<p style=\"text-align: justify;\">\u201cN\u00e3o adianta Rui Costa ficar nessa palha\u00e7ada\u201d. Foi essa a resposta do presidente Jair Bolsonaro (sem partido) durante entrevista coletiva na tarde de quarta-feira (29), na sa\u00edda do Alvorada, ao ser questionado sobre as medidas de isolamento como t\u00e1tica de preven\u00e7\u00e3o ao coronav\u00edrus.<!--more--><\/p>\n<p style=\"text-align: justify;\"><img fetchpriority=\"high\" decoding=\"async\" class=\"size-full wp-image-2902 alignleft\" src=\"https:\/\/www.portalalerta.com.br\/wp-content\/uploads\/2017\/11\/elab-2.jpg\" alt=\"\" width=\"310\" height=\"200\" srcset=\"https:\/\/www.portalalerta.com.br\/wp-content\/uploads\/2017\/11\/elab-2.jpg 310w, https:\/\/www.portalalerta.com.br\/wp-content\/uploads\/2017\/11\/elab-2-226x146.jpg 226w, https:\/\/www.portalalerta.com.br\/wp-content\/uploads\/2017\/11\/elab-2-50x32.jpg 50w, https:\/\/www.portalalerta.com.br\/wp-content\/uploads\/2017\/11\/elab-2-116x75.jpg 116w\" sizes=\"(max-width: 310px) 100vw, 310px\" \/>O presidente criticou, mais uma vez, a a\u00e7\u00f5es dos estados e manuten\u00e7\u00e3o das restri\u00e7\u00f5es sociais. \u201cN\u00e3o adianta D\u00f3ria ficar nessa palha\u00e7ada. N\u00e3o adianta Rui Costa ficar nessa palha\u00e7ada\u201d, disse Bolsonaro \u00e0 CNN Brasil.<\/p>\n<p style=\"text-align: justify;\">O Brasil atingiu, nesta quarta, o recorde de novos casos da doen\u00e7a em 24h, quando regristrou mais de 2,6 mil novas ocorr\u00eancias, al\u00e9m de 449 novas mortes.\u00a0 O pa\u00eds tem um total de 78.162 casos da doen\u00e7a e um total de 5.466 mortes pela doen\u00e7a., de acordo com boletim do Minist\u00e9rio da Sa\u00fade.<\/p>\n<p style=\"text-align: justify;\"><em>Fonte: A Voz do Campo<\/em><\/p>\n","protected":false},"excerpt":{"rendered":"<p>\u201cN\u00e3o adianta Rui Costa ficar nessa palha\u00e7ada\u201d. Foi essa a resposta do presidente Jair Bolsonaro (sem partido) durante entrevista coletiva na tarde de quarta-feira (29), na sa\u00edda do Alvorada, ao ser questionado sobre as medidas de isolamento como t\u00e1tica de preven\u00e7\u00e3o ao coronav\u00edrus.<\/p>\n","protected":false},"author":2,"featured_media":21002,"comment_status":"open","ping_status":"open","sticky":false,"template":"","format":"standard","meta":{"om_disable_all_campaigns":false,"_monsterinsights_skip_tracking":false,"_monsterinsights_sitenote_active":false,"_monsterinsights_sitenote_note":"","_monsterinsights_sitenote_category":0,"footnotes":""},"categories":[33,34,70,69,21,19],"tags":[54,93,3429,3486,3531,1395,282,61],"class_list":["post-23740","post","type-post","status-publish","format-standard","has-post-thumbnail","hentry","category-bahia","category-brasil","category-destaques","category-noticias2","category-politica","category-saude","tag-bahia","tag-brasil","tag-coronavirus","tag-covid-19","tag-isolamento-social","tag-jair-bolsonaro","tag-rui-costa","tag-saude"],"aioseo_notices":[],"_links":{"self":[{"href":"https:\/\/www.portalalerta.com.br\/index.php\/wp-json\/wp\/v2\/posts\/23740","targetHints":{"allow":["GET"]}}],"collection":[{"href":"https:\/\/www.portalalerta.com.br\/index.php\/wp-json\/wp\/v2\/posts"}],"about":[{"href":"https:\/\/www.portalalerta.com.br\/index.php\/wp-json\/wp\/v2\/types\/post"}],"author":[{"embeddable":true,"href":"https:\/\/www.portalalerta.com.br\/index.php\/wp-json\/wp\/v2\/users\/2"}],"replies":[{"embeddable":true,"href":"https:\/\/www.portalalerta.com.br\/index.php\/wp-json\/wp\/v2\/comments?post=23740"}],"version-history":[{"count":2,"href":"https:\/\/www.portalalerta.com.br\/index.php\/wp-json\/wp\/v2\/posts\/23740\/revisions"}],"predecessor-version":[{"id":23747,"href":"https:\/\/www.portalalerta.com.br\/index.php\/wp-json\/wp\/v2\/posts\/23740\/revisions\/23747"}],"wp:featuredmedia":[{"embeddable":true,"href":"https:\/\/www.portalalerta.com.br\/index.php\/wp-json\/wp\/v2\/media\/21002"}],"wp:attachment":[{"href":"https:\/\/www.portalalerta.com.br\/index.php\/wp-json\/wp\/v2\/media?parent=23740"}],"wp:term":[{"taxonomy":"category","embeddable":true,"href":"https:\/\/www.portalalerta.com.br\/index.php\/wp-json\/wp\/v2\/categories?post=23740"},{"taxonomy":"post_tag","embeddable":true,"href":"https:\/\/www.portalalerta.com.br\/index.php\/wp-json\/wp\/v2\/tags?post=23740"}],"curies":[{"name":"wp","href":"https:\/\/api.w.org\/{rel}","templated":true}]}}