{"id":23749,"date":"2020-05-01T11:13:46","date_gmt":"2020-05-01T14:13:46","guid":{"rendered":"https:\/\/www.portalalerta.com.br\/?p=23749"},"modified":"2020-05-01T11:13:46","modified_gmt":"2020-05-01T14:13:46","slug":"celso-de-mello-da-prazo-de-cinco-dias-para-pf-interrogar-moro-sobre-acusacoes-contra-bolsonaro","status":"publish","type":"post","link":"https:\/\/www.portalalerta.com.br\/index.php\/2020\/05\/01\/celso-de-mello-da-prazo-de-cinco-dias-para-pf-interrogar-moro-sobre-acusacoes-contra-bolsonaro\/","title":{"rendered":"Celso de Mello d\u00e1 prazo de cinco dias para PF interrogar Moro sobre acusa\u00e7\u00f5es contra Bolsonaro"},"content":{"rendered":"<p style=\"text-align: justify;\">O ministro Celso de Mello, do Supremo Tribunal Federal (STF), determinou nesta quinta-feira que a Pol\u00edcia Federal tome o depoimento de Sergio Moro no prazo de cinco dias. O interrogat\u00f3rio vai instruir o inqu\u00e9rito que investiga o teor do discurso de Moro ao se despedir do Minist\u00e9rio da Justi\u00e7a, na \u00faltima sexta-feira. Na ocasi\u00e3o, Moro acusou Bolsonaro de tentar interferir indevidamente nas atividades da Pol\u00edcia Federal. A pedido da Procuradoria-Geral da Rep\u00fablica (PGR), o ex-ministro dever\u00e1 apresentar\u00a0\u201cmanifesta\u00e7\u00e3o detalhada sobre os termos do pronunciamento, com a exibi\u00e7\u00e3o de documenta\u00e7\u00e3o id\u00f4nea que eventualmente possua acerca dos eventos em quest\u00e3o\u201d.<!--more--><\/p>\n<p style=\"text-align: justify;\">Na segunda-feira, quando abriu o inqu\u00e9rito sobre o assunto, Celso de Mello deu prazo de at\u00e9 60 dias para a realiza\u00e7\u00e3o das dilig\u00eancias. A diminui\u00e7\u00e3o do prazo foi determinada a pedido de tr\u00eas parlamentares:\u00a0o senador Alessandro Vieira (Cidadania-SE) e os deputados Tabata Amaral (PDT-SP) e Felipe Rigoni (PSB-ES).<\/p>\n<p style=\"text-align: justify;\">\u201cA gravidade das acusa\u00e7\u00f5es dirigidas ao presidente da Rep\u00fablica, em nosso entendimento, somada \u00e0 grave crise pol\u00edtica pela qual atravessa o pa\u00eds, leva a crer que o prazo de 60 dias para a realiza\u00e7\u00e3o da dilig\u00eancia em tele pode se demonstrar excessivo\u201d, argumentaram ao STF.<\/p>\n<p style=\"text-align: justify;\">Os parlamentares tamb\u00e9m pediram para que sejam mantidos os delegados da PF que atuam no Servi\u00e7o de Inqu\u00e9ritos Especiais, setor respons\u00e1vel pelas investiga\u00e7\u00f5es conduzidas pelo STF. A provid\u00eancia seria uma forma de blindar a investiga\u00e7\u00e3o contra eventuais interfer\u00eancias. Essa parte do pedido Celso de Mello n\u00e3o concedeu. Ele pediu para que a PGR seja ouvida sobre a necessidade de se tomar a medida.<\/p>\n<p style=\"text-align: justify;\"><img fetchpriority=\"high\" decoding=\"async\" class=\"size-thumbnail wp-image-23589 aligncenter\" src=\"https:\/\/www.portalalerta.com.br\/wp-content\/uploads\/2020\/04\/real-acordo-720x93.jpg\" alt=\"\" width=\"720\" height=\"93\" \/>No pedido de abertura de inqu\u00e9rito, o procurador-geral da Rep\u00fablica, Augusto Aras, informou que a investiga\u00e7\u00e3o \u00e9 sobre se Bolsonaro cometeu crime e tamb\u00e9m se Moro falou a verdade. Ou seja: ambos s\u00e3o alvo da apura\u00e7\u00e3o. Aras informou ao Supremo que h\u00e1 suspeita de cometimento de sete crimes: falsidade ideol\u00f3gica, coa\u00e7\u00e3o no curso do processo, advocacia administrativa, prevarica\u00e7\u00e3o, obstru\u00e7\u00e3o de justi\u00e7a, corrup\u00e7\u00e3o passiva privilegiada e denuncia\u00e7\u00e3o caluniosa.<\/p>\n<p style=\"text-align: justify;\">No mesmo inqu\u00e9rito, o senador Raldolfe Rodrigues (Rede-AP) pediu a Celso de Mello para autorizar busca e apreens\u00e3o no celular da deputada Carla Zambelli (PSL-SP).\u00a0O ministro pediu que Aras se manifestasse sobre a necessidade da medida antes de decidir.\u00a0Na sexta-feira, Moro apresentou ao \u201cJornal Nacional\u201d c\u00f3pia de mensagem de Whatsapp trocada com a parlamentar tratando sobre a troca do comando da Pol\u00edcia Federal. No mesmo dia, Moro tamb\u00e9m mostrou ao programa mensagens trocadas com Bolsonaro para comprovar que o presidente teria tentado interferir nas atividades da PF.<\/p>\n<p style=\"text-align: justify;\">Na decis\u00e3o de segunda-feira, Celso de Mello explicou que a Constitui\u00e7\u00e3o Federal impede que o presidente seja responsabilizado por infra\u00e7\u00f5es penais comuns que n\u00e3o tenham rela\u00e7\u00e3o com o mandato. No entanto, ressaltou que os fatos apontados por Moro t\u00eam rela\u00e7\u00e3o com o cargo de presidente da Rep\u00fablica. \u201cA an\u00e1lise da peti\u00e7\u00e3o formulada pelo Senhor Procurador-Geral da Rep\u00fablica revela pr\u00e1ticas alegadamente delituosas que teriam sido cometidas pelo senhor presidente da Rep\u00fablica em contexto que as vincularia ao exerc\u00edcio do mandato presidencial, circunst\u00e2ncia essa que afastaria a possibilidade de \u00fatil invoca\u00e7\u00e3o, pelo Chefe do Poder Executivo da Uni\u00e3o, da cl\u00e1usula de \u2018imunidade penal tempor\u00e1ria\u2019\u201d.<\/p>\n<p style=\"text-align: justify;\">Celso de Mello afirmou que, mesmo sendo presidente da Rep\u00fablica, Bolsonaro tem a obriga\u00e7\u00e3o de responder por seus atos. \u201cNingu\u00e9m, absolutamente ningu\u00e9m, tem legitimidade para transgredir e vilipendiar as leis e a Constitui\u00e7\u00e3o de nosso Pa\u00eds. Ningu\u00e9m, absolutamente ningu\u00e9m, est\u00e1 acima da autoridade do ordenamento jur\u00eddico do Estado\u201d.<\/p>\n<p style=\"text-align: justify;\">Terminado o inqu\u00e9rito, Aras decidir\u00e1 se arquiva o caso por falta de provas ou se apresenta den\u00fancia contra Bolsonaro. Na segunda hip\u00f3tese, ser\u00e1 necess\u00e1rio obter autoriza\u00e7\u00e3o da C\u00e2mara dos Deputados para a abertura de a\u00e7\u00e3o penal, como determina a Constitui\u00e7\u00e3o Federal.<\/p>\n<p style=\"text-align: justify;\"><em>Fonte: Yahoo Not\u00edcias<\/em><\/p>\n","protected":false},"excerpt":{"rendered":"<p>O ministro Celso de Mello, do Supremo Tribunal Federal (STF), determinou nesta quinta-feira que a Pol\u00edcia Federal tome o depoimento de Sergio Moro no prazo de cinco dias. O interrogat\u00f3rio vai instruir o inqu\u00e9rito que investiga o teor do discurso de Moro ao se despedir do Minist\u00e9rio da Justi\u00e7a, na \u00faltima sexta-feira. Na ocasi\u00e3o, Moro &hellip;<\/p>\n","protected":false},"author":2,"featured_media":18348,"comment_status":"open","ping_status":"open","sticky":false,"template":"","format":"standard","meta":{"om_disable_all_campaigns":false,"_monsterinsights_skip_tracking":false,"_monsterinsights_sitenote_active":false,"_monsterinsights_sitenote_note":"","_monsterinsights_sitenote_category":0,"footnotes":""},"categories":[34,70,69,21],"tags":[93,1136,413,541,1783,1774,173,443,216],"class_list":["post-23749","post","type-post","status-publish","format-standard","has-post-thumbnail","hentry","category-brasil","category-destaques","category-noticias2","category-politica","tag-brasil","tag-celso-de-mello","tag-depoimento","tag-ex-ministro","tag-ministerio-da-justica","tag-ministro-da-justica","tag-policia-federal","tag-sergio-moro","tag-stf"],"aioseo_notices":[],"_links":{"self":[{"href":"https:\/\/www.portalalerta.com.br\/index.php\/wp-json\/wp\/v2\/posts\/23749","targetHints":{"allow":["GET"]}}],"collection":[{"href":"https:\/\/www.portalalerta.com.br\/index.php\/wp-json\/wp\/v2\/posts"}],"about":[{"href":"https:\/\/www.portalalerta.com.br\/index.php\/wp-json\/wp\/v2\/types\/post"}],"author":[{"embeddable":true,"href":"https:\/\/www.portalalerta.com.br\/index.php\/wp-json\/wp\/v2\/users\/2"}],"replies":[{"embeddable":true,"href":"https:\/\/www.portalalerta.com.br\/index.php\/wp-json\/wp\/v2\/comments?post=23749"}],"version-history":[{"count":1,"href":"https:\/\/www.portalalerta.com.br\/index.php\/wp-json\/wp\/v2\/posts\/23749\/revisions"}],"predecessor-version":[{"id":23750,"href":"https:\/\/www.portalalerta.com.br\/index.php\/wp-json\/wp\/v2\/posts\/23749\/revisions\/23750"}],"wp:featuredmedia":[{"embeddable":true,"href":"https:\/\/www.portalalerta.com.br\/index.php\/wp-json\/wp\/v2\/media\/18348"}],"wp:attachment":[{"href":"https:\/\/www.portalalerta.com.br\/index.php\/wp-json\/wp\/v2\/media?parent=23749"}],"wp:term":[{"taxonomy":"category","embeddable":true,"href":"https:\/\/www.portalalerta.com.br\/index.php\/wp-json\/wp\/v2\/categories?post=23749"},{"taxonomy":"post_tag","embeddable":true,"href":"https:\/\/www.portalalerta.com.br\/index.php\/wp-json\/wp\/v2\/tags?post=23749"}],"curies":[{"name":"wp","href":"https:\/\/api.w.org\/{rel}","templated":true}]}}